{"id":31159,"date":"2010-08-30T18:26:35","date_gmt":"2010-08-30T22:26:35","guid":{"rendered":"http:\/\/www.redenoticia.com.br\/noticia\/?p=31159"},"modified":"2010-08-31T15:17:14","modified_gmt":"2010-08-31T19:17:14","slug":"meteorologia-%e2%80%93-previsao-do-tempo-para-esta-terca-feira-3108","status":"publish","type":"post","link":"https:\/\/www.redenoticia.com.br\/noticia\/2010\/meteorologia-%e2%80%93-previsao-do-tempo-para-esta-terca-feira-3108\/31159","title":{"rendered":"Meteorologia \u2013 previs\u00e3o do tempo para esta ter\u00e7a-feira 31\/08"},"content":{"rendered":"<p><img loading=\"lazy\" decoding=\"async\" class=\"alignleft size-full wp-image-28410\" title=\"previsao do tempo temperatura\" src=\"https:\/\/www.redenoticia.com.br\/noticia\/imagens\/previsao-do-tempo-temperatura.jpg\" alt=\"\" width=\"300\" height=\"193\" srcset=\"https:\/\/www.redenoticia.com.br\/noticia\/imagens\/previsao-do-tempo-temperatura.jpg 300w, https:\/\/www.redenoticia.com.br\/noticia\/imagens\/previsao-do-tempo-temperatura-250x160.jpg 250w, https:\/\/www.redenoticia.com.br\/noticia\/imagens\/previsao-do-tempo-temperatura-150x96.jpg 150w\" sizes=\"auto, (max-width: 300px) 100vw, 300px\" \/><\/p>\n<p>Previs\u00e3o do tempo \u2013 a <strong><em>meteorologia<\/em><\/strong> divulgou a <strong><em>previs\u00e3o do tempo<\/em><\/strong> e <strong><em>temperatura<\/em><\/strong> para esta ter\u00e7a-feira (31\/08) e informa que \u00e1reas de instabilidade formadas pelo calor e a alta umidade provocar\u00e3o pancadas de chuva no oeste e sul da Regi\u00e3o Norte e no oeste de MT. Segundo a previs\u00e3o do tempo poder\u00e1 chover forte de forma isolada no AM e RO. Pancadas de chuva \u00e0 partir da tarde na faixa norte do MA, e de forma mais localizada no norte do PA e sudeste do AP. Dados da previs\u00e3o do tempo indicam que o dia ficar\u00e1 nublado com pancadas de chuva no sul do RS. Haver\u00e1 risco de temporais no sudoeste do estado ga\u00facho e no litoral estar\u00e1 ventoso. No centro do RS haver\u00e1 pancadas de chuva. A umidade que vem do mar deixar\u00e1 o dia inst\u00e1vel na faixa litor\u00e2nea que vai da BA a PB. No leste de SC, do PR, no litoral de SP, do RJ e no ES o dia ter\u00e1 sol e poucas nuvens. A previs\u00e3o do tempo destaca que nas demais \u00e1reas do pa\u00eds, a massa de ar seco garantir\u00e1 um dia ensolarado e com umidade relativa do ar baixa. Devido a falta de chuva e da temperatura elevada, aumentar\u00e1 o risco de queimadas.<\/p>\n<p>Vale do Para\u00edba \u2013 previs\u00e3o do tempo em 31\/08 o dia ser\u00e1 ensolarado no Vale e na Serra. No Litoral Norte haver\u00e1 um pouco mais de nuvens. A umidade relativa do ar permanecer\u00e1 baixa e a temperatura est\u00e1vel.<\/p>\n<p>Regi\u00e3o Centro-Oeste \u2013 previs\u00e3o do tempo em 31\/08\/2010: No centro-oeste do MT: muitas nuvens e pancada de chuva. No sudeste do MT, no centro-leste do MS, em todo GO e DF: c\u00e9u claro. Nas demais \u00e1reas da Regi\u00e3o: predom\u00ednio de sol. Umidade baixa em grande parte da Regi\u00e3o. Temperaturas est\u00e1veis. Temperatura m\u00e1xima: 41C no noroeste do MT. Temperatura m\u00ednima: 12C no DF.<\/p>\n<p>Regi\u00e3o Nordeste \u2013 previs\u00e3o do tempo em 31\/08\/2010: No leste da Regi\u00e3o: dia inst\u00e1vel. No interior da BA: chuva isolada. No norte do MA: sol entre nuvens e chance de pancada de pancada de chuva a tarde. No CE, na faixa central do MA, centro-norte do PI, oeste do PE e da PB e no RN: sol entre nuvens. Nas demais \u00e1reas da Regi\u00e3o: predom\u00ednio de sol. No leste da BA: nublado. Temperatura m\u00e1xima: 37C no norte do PI. Temperatura m\u00ednima: 15C no sudoeste da BA.<\/p>\n<p>Regi\u00e3o Norte \u2013 previs\u00e3o do tempo em 31\/08\/2010: No nordeste do PA: pancadas de chuva \u00e0 tarde. No sudeste do PA e na maior parte do TO: predom\u00ednio de sol. No sul do TO: c\u00e9u claro. No norte do TO, nas demais \u00e1reas do AP, no leste e norte do PA: sol e poucas nuvens. Na regi\u00e3o central do PA e sudeste e sul do AP: pequena possibilidade de pancada de chuva \u00e0 tarde. No noroeste do PA: possibilidade de pancada de chuva. Nas demais \u00e1reas da Regi\u00e3o: pancada de chuva: pancadas de chuva. Temperaturas est\u00e1veis. Temperatura m\u00e1xima: 40C no sul do AM. Temperatura m\u00ednima: 18C no sul do PA.<\/p>\n<p>Regi\u00e3o Sudeste \u2013 previs\u00e3o do tempo em 31\/08\/2010: No nordeste e leste de MG, no extremo nordeste do RJ e em todo o ES: sol e poucas nuvens. No tri\u00e2ngulo Mineiro, oeste de MG e no centro-oeste de SP: c\u00e9u claro. No litoral de SP e do RJ: sol entre poucas nuvens e ventos intensos. Nas demais \u00e1reas da Regi\u00e3o: predom\u00ednio de sol. A umidade relativa do ar ficar\u00e1 baixa em grande parte da Regi\u00e3o. Temperaturas est\u00e1veis. Temperatura m\u00e1xima: 34C no oeste paulista. Temperatura m\u00ednima: 14C no sudeste de SP.<\/p>\n<p>Regi\u00e3o Sul \u2013 previs\u00e3o do tempo em 31\/08\/2010: No norte do PR: c\u00e9u claro. No litoral do PR, leste de SC e faixa leste, noroeste e centro-norte do RS: sol e poucas nuvens. Nas demais \u00e1reas de SC e PR: predom\u00ednio de sol. No extremo sudoeste do RS: temporais, acompanhados de ventos fortes e descargas el\u00e9tricas. Na faixa central do RS: pancada de chuva. Nas demais \u00e1reas do RS: dia nublado com pancada de chuva. As temperaturas estar\u00e3o em eleva\u00e7\u00e3o no RS. Temperatura m\u00e1xima: 30C no extremo norte do PR. Temperatura m\u00ednima: 10C nas serras ga\u00fachas e catarinenses.<\/p>\n<p>Previs\u00e3o do tempo e temperatura CPTEC<span id=\"_marker\"> <\/span><\/p>\n","protected":false},"excerpt":{"rendered":"<p>Previs\u00e3o do tempo \u2013 a meteorologia divulgou a previs\u00e3o do tempo e temperatura para esta ter\u00e7a-feira (31\/08) e informa que \u00e1reas de instabilidade formadas pelo calor e a alta umidade provocar\u00e3o pancadas de chuva no oeste e sul da Regi\u00e3o Norte e no oeste de MT. Segundo a previs\u00e3o do tempo poder\u00e1 chover forte de [&hellip;]<\/p>\n","protected":false},"author":3,"featured_media":28410,"comment_status":"open","ping_status":"open","sticky":false,"template":"","format":"standard","meta":{"_genesis_hide_title":false,"_genesis_hide_breadcrumbs":false,"_genesis_hide_singular_image":false,"_genesis_hide_footer_widgets":false,"_genesis_custom_body_class":"","_genesis_custom_post_class":"","_genesis_layout":"","_jetpack_memberships_contains_paid_content":false,"footnotes":""},"categories":[22],"tags":[],"class_list":{"0":"post-31159","1":"post","2":"type-post","3":"status-publish","4":"format-standard","5":"has-post-thumbnail","7":"category-brasil","8":"entry","9":"gs-1","10":"gs-odd","11":"gs-even","12":"gs-featured-content-entry"},"jetpack_featured_media_url":"https:\/\/www.redenoticia.com.br\/noticia\/imagens\/previsao-do-tempo-temperatura.jpg","jetpack_sharing_enabled":true,"jetpack_likes_enabled":true,"_links":{"self":[{"href":"https:\/\/www.redenoticia.com.br\/noticia\/wp-json\/wp\/v2\/posts\/31159","targetHints":{"allow":["GET"]}}],"collection":[{"href":"https:\/\/www.redenoticia.com.br\/noticia\/wp-json\/wp\/v2\/posts"}],"about":[{"href":"https:\/\/www.redenoticia.com.br\/noticia\/wp-json\/wp\/v2\/types\/post"}],"author":[{"embeddable":true,"href":"https:\/\/www.redenoticia.com.br\/noticia\/wp-json\/wp\/v2\/users\/3"}],"replies":[{"embeddable":true,"href":"https:\/\/www.redenoticia.com.br\/noticia\/wp-json\/wp\/v2\/comments?post=31159"}],"version-history":[{"count":0,"href":"https:\/\/www.redenoticia.com.br\/noticia\/wp-json\/wp\/v2\/posts\/31159\/revisions"}],"wp:featuredmedia":[{"embeddable":true,"href":"https:\/\/www.redenoticia.com.br\/noticia\/wp-json\/wp\/v2\/media\/28410"}],"wp:attachment":[{"href":"https:\/\/www.redenoticia.com.br\/noticia\/wp-json\/wp\/v2\/media?parent=31159"}],"wp:term":[{"taxonomy":"category","embeddable":true,"href":"https:\/\/www.redenoticia.com.br\/noticia\/wp-json\/wp\/v2\/categories?post=31159"},{"taxonomy":"post_tag","embeddable":true,"href":"https:\/\/www.redenoticia.com.br\/noticia\/wp-json\/wp\/v2\/tags?post=31159"}],"curies":[{"name":"wp","href":"https:\/\/api.w.org\/{rel}","templated":true}]}}