{"id":31107,"date":"2010-08-27T15:29:05","date_gmt":"2010-08-27T19:29:05","guid":{"rendered":"http:\/\/www.redenoticia.com.br\/noticia\/?p=31107"},"modified":"2010-08-27T15:29:05","modified_gmt":"2010-08-27T19:29:05","slug":"rede-globo-vencedores-do-32%c2%ba-profissionais-do-ano-norte-nordeste","status":"publish","type":"post","link":"https:\/\/www.redenoticia.com.br\/noticia\/2010\/rede-globo-vencedores-do-32%c2%ba-profissionais-do-ano-norte-nordeste\/31107","title":{"rendered":"Rede Globo-vencedores do 32\u00ba Profissionais do Ano (Norte Nordeste)"},"content":{"rendered":"<p>A\u00a0<strong><em>Rede Globo<\/em><\/strong> revelou os vencedores do 32\u00ba  <strong><em>Pr\u00eamio Profissionais Do Ano<\/em><\/strong> \u2013 Regi\u00e3o Norte-Nordeste, durante o evento realizado  em Salvador\/BA.\u00a0Concorreram 77 ag\u00eancias e 91 produtoras, sendo 74 produtoras da regi\u00e3o.  Foram 235 inscri\u00e7\u00f5es num total de 313 comerciais concorrentes, exibidos na Rede  Globo de Televis\u00e3o entre abril de 2009 a mar\u00e7o de 2010.<\/p>\n<p>Na categoria Campanha, a ag\u00eancia vencedora foi Leiaute Propaganda, com o  filme Depoimentos. Na categoria Mercado, a premiada foi Superliga 66 com o  comercial Alian\u00e7a Matriculas.<\/p>\n<p>A pr\u00f3xima festa de entrega de pr\u00eamios ser\u00e1 da regi\u00e3o Sudeste Capitais, e  ser\u00e1 realizada no Rio de Janeiro, em 21\/09\/2010. No dia 23\/11, em S\u00e3o Paulo,  ser\u00e3o revelados os vencedores da classe nacional.<\/p>\n<p>O Pr\u00eamio Profissionais do Ano\u00ae \u00e9 uma realiza\u00e7\u00e3o da Dire\u00e7\u00e3o Geral de  Comercializa\u00e7\u00e3o da Rede Globo, e a solenidade de premia\u00e7\u00e3o norte-nordeste 2010  uma parceria com a Rede Bahia de Televis\u00e3o.<br \/>\nCategoria Campanha<br \/>\nDEPOIMENTOS<\/p>\n<p>ANUNCIANTE:<br \/>\nCASA CIVIL DO ESTADO DA BAHIA (SALVADOR\/BA)<\/p>\n<p>DIRE\u00c7\u00c3O DE CRIA\u00c7\u00c3O:<br \/>\nCARLOS ANDRADE<\/p>\n<p>RAUL RABELO<\/p>\n<p>CRIA\u00c7\u00c3O:<br \/>\nPAULO FERNANDES<\/p>\n<p>F\u00c1BIO LINS<\/p>\n<p>DIRE\u00c7\u00c3O:<br \/>\nDIEGO LISBOA<\/p>\n<p>AG\u00caNCIA:<br \/>\nLEIAUTE PROPAGANDA (SALVADOR\/BA)<\/p>\n<p>PRODUTORA E P\u00d3S-PRODU\u00c7\u00c3O:<br \/>\nMOVIMENTO FILMES (SALVADOR\/BA)<\/p>\n<p>PRODUTORA DE SOM:<br \/>\nSAGAZ SOUND DESIGN (SALVADOR\/BA)<\/p>\n<p>M\u00cdDIA:<br \/>\nCL\u00c1UDIO FREITAS<\/p>\n<p>ADRIANO SOUZA<\/p>\n<p>ANDR\u00c9 BORGES<\/p>\n<p>ATENDIMENTO:<br \/>\nEDUARDO SAPHIRA<\/p>\n<p>APROVADO POR:<br \/>\nROBINSON ALMEIDA<\/p>\n<p>Categoria Mercado<br \/>\nALIAN\u00c7A MATR\u00cdCULAS<\/p>\n<p>ANUNCIANTE:<br \/>\nALIAN\u00c7A FRANCESA DE JO\u00c3O PESSOA (JO\u00c3O PESSOA\/PB)<\/p>\n<p>DIRE\u00c7\u00c3O DE CRIA\u00c7\u00c3O:<br \/>\nEDU CURY<\/p>\n<p>LEO VISSOTTO<\/p>\n<p>CRIA\u00c7\u00c3O:<br \/>\nEDU CURY<\/p>\n<p>LEO VISSOTTO<\/p>\n<p>DIEGO VIANA<\/p>\n<p>DIRE\u00c7\u00c3O:<br \/>\nLEO VISSOTTO<\/p>\n<p>AG\u00caNCIA:<br \/>\nSUPERLIGA 66 (JO\u00c3O PESSOA\/PB)<\/p>\n<p>PRODUTORA E P\u00d3S-PRODU\u00c7\u00c3O:<br \/>\nSUPERLIGA 66 SERVI\u00c7OS (JO\u00c3O PESSOA\/PB)<\/p>\n<p>PRODUTORA DE SOM:<br \/>\nMP3 \u00c1UDIO STUDIO (JO\u00c3O PESSOA\/PB)<\/p>\n<p>M\u00cdDIA:<br \/>\nB\u00c1RBARA BICHARA<\/p>\n<p>ATENDIMENTO:<br \/>\nMAUR\u00cdCIO GAIDZINSKI<\/p>\n<p>APROVADO POR:<br \/>\nMIKAEL DE LA FUENTE<\/p>\n","protected":false},"excerpt":{"rendered":"<p>A\u00a0Rede Globo revelou os vencedores do 32\u00ba Pr\u00eamio Profissionais Do Ano \u2013 Regi\u00e3o Norte-Nordeste, durante o evento realizado em Salvador\/BA.\u00a0Concorreram 77 ag\u00eancias e 91 produtoras, sendo 74 produtoras da regi\u00e3o. Foram 235 inscri\u00e7\u00f5es num total de 313 comerciais concorrentes, exibidos na Rede Globo de Televis\u00e3o entre abril de 2009 a mar\u00e7o de 2010. Na categoria [&hellip;]<\/p>\n","protected":false},"author":3,"featured_media":0,"comment_status":"open","ping_status":"open","sticky":false,"template":"","format":"standard","meta":{"_genesis_hide_title":false,"_genesis_hide_breadcrumbs":false,"_genesis_hide_singular_image":false,"_genesis_hide_footer_widgets":false,"_genesis_custom_body_class":"","_genesis_custom_post_class":"","_genesis_layout":"","_jetpack_memberships_contains_paid_content":false,"footnotes":""},"categories":[22],"tags":[],"class_list":{"0":"post-31107","1":"post","2":"type-post","3":"status-publish","4":"format-standard","6":"category-brasil","7":"entry","8":"gs-1","9":"gs-odd","10":"gs-even","11":"gs-featured-content-entry"},"jetpack_featured_media_url":"","jetpack_sharing_enabled":true,"jetpack_likes_enabled":true,"_links":{"self":[{"href":"https:\/\/www.redenoticia.com.br\/noticia\/wp-json\/wp\/v2\/posts\/31107","targetHints":{"allow":["GET"]}}],"collection":[{"href":"https:\/\/www.redenoticia.com.br\/noticia\/wp-json\/wp\/v2\/posts"}],"about":[{"href":"https:\/\/www.redenoticia.com.br\/noticia\/wp-json\/wp\/v2\/types\/post"}],"author":[{"embeddable":true,"href":"https:\/\/www.redenoticia.com.br\/noticia\/wp-json\/wp\/v2\/users\/3"}],"replies":[{"embeddable":true,"href":"https:\/\/www.redenoticia.com.br\/noticia\/wp-json\/wp\/v2\/comments?post=31107"}],"version-history":[{"count":0,"href":"https:\/\/www.redenoticia.com.br\/noticia\/wp-json\/wp\/v2\/posts\/31107\/revisions"}],"wp:attachment":[{"href":"https:\/\/www.redenoticia.com.br\/noticia\/wp-json\/wp\/v2\/media?parent=31107"}],"wp:term":[{"taxonomy":"category","embeddable":true,"href":"https:\/\/www.redenoticia.com.br\/noticia\/wp-json\/wp\/v2\/categories?post=31107"},{"taxonomy":"post_tag","embeddable":true,"href":"https:\/\/www.redenoticia.com.br\/noticia\/wp-json\/wp\/v2\/tags?post=31107"}],"curies":[{"name":"wp","href":"https:\/\/api.w.org\/{rel}","templated":true}]}}