{"id":31105,"date":"2010-08-27T21:09:41","date_gmt":"2010-08-28T01:09:41","guid":{"rendered":"http:\/\/www.redenoticia.com.br\/noticia\/?p=31105"},"modified":"2010-08-28T12:42:53","modified_gmt":"2010-08-28T16:42:53","slug":"meteorologia-%e2%80%93-previsao-do-tempo-para-este-sabado-2808","status":"publish","type":"post","link":"https:\/\/www.redenoticia.com.br\/noticia\/2010\/meteorologia-%e2%80%93-previsao-do-tempo-para-este-sabado-2808\/31105","title":{"rendered":"Meteorologia \u2013 previs\u00e3o do tempo para este s\u00e1bado 28\/08"},"content":{"rendered":"<p><img loading=\"lazy\" decoding=\"async\" class=\"alignleft size-full wp-image-28410\" title=\"previsao do tempo temperatura\" src=\"https:\/\/www.redenoticia.com.br\/noticia\/imagens\/previsao-do-tempo-temperatura.jpg\" alt=\"\" width=\"300\" height=\"193\" srcset=\"https:\/\/www.redenoticia.com.br\/noticia\/imagens\/previsao-do-tempo-temperatura.jpg 300w, https:\/\/www.redenoticia.com.br\/noticia\/imagens\/previsao-do-tempo-temperatura-250x160.jpg 250w, https:\/\/www.redenoticia.com.br\/noticia\/imagens\/previsao-do-tempo-temperatura-150x96.jpg 150w\" sizes=\"auto, (max-width: 300px) 100vw, 300px\" \/><\/p>\n<p>Previs\u00e3o do tempo \u2013 a <strong><em>meteorologia<\/em><\/strong> divulgou a <strong><em>previs\u00e3o do tempo<\/em><\/strong> e <strong><em>temperatura<\/em><\/strong> para este s\u00e1bado (28\/08) e informa que a massa de ar seco ainda predominar\u00e1 em grande parte do pa\u00eds e por isso o dia ser\u00e1 ensolarado nas Regi\u00f5es Sudeste, Centro-Oeste, parte do Sul e do Nordeste. A umidade relativa do ar estar\u00e1 baixa com valores inferiores a 20% em MS, MT, GO, TO, norte do PR, em SP, oeste da BA, parte de MG e do RJ. Segundo a previs\u00e3o do tempo, por causa da falta de chuva e das temperaturas elevadas aumentar\u00e1 o risco de queimadas. \u00c1reas de instabilidade causar\u00e3o pancadas de chuva no RS e sudeste de SC. Dados da previs\u00e3o do tempo indicam que haver\u00e1 chance para temporais de forma localizada no oeste do RS. Ventos \u00famidos que sopram do oceano causam chuva r\u00e1pida no litoral de AL, PE, da PB e do RN. Calor e pancadas de chuva de forma localizada no AM e RR. A previs\u00e3o do tempo destaca que haver\u00e1 possibilidade de pancadas de chuva no AC, RO e norte do PA. A temperatura estar\u00e1 elevada em grande parte do pa\u00eds.<\/p>\n<p>Vale do Para\u00edba \u2013 previs\u00e3o do tempo em 28\/08 o tempo continuar\u00e1 com sol e baixa umidade do ar no per\u00edodo da tarde. O risco de inc\u00eandio continuar\u00e1 elevado na regi\u00e3o. A temperatura seguir\u00e1 est\u00e1vel.<\/p>\n<p>Regi\u00e3o Centro-Oeste \u2013 previs\u00e3o do tempo em 28\/08\/2010: No centro-sudeste e leste do MT, na maior parte de GO, no DF e no norte, centro-leste e sudeste do MS: c\u00e9u claro. Nas demais \u00e1reas da Regi\u00e3o: predom\u00ednio de sol. As temperaturas estar\u00e3o est\u00e1veis. A umidade relativa do ar estar\u00e1 baixa em grande parte da Regi\u00e3o. A umidade relativa do ar estar\u00e1 baixa em toda a Regi\u00e3o. Temperatura m\u00e1xima: 42C no noroeste do MT. Temperatura m\u00ednima: 15C no sudoeste de GO.<\/p>\n<p>Regi\u00e3o Nordeste \u2013 previs\u00e3o do tempo em 28\/08\/2010: No leste da Regi\u00e3o: dia nublado. Entre o litoral do RN e de AL: tempo inst\u00e1vel com algumas aberturas de sol e chuva a qualquer hora do dia. No litoral da BA e do SE: sol entre nuvens, com pequena chance de pancada de chuva. Na maior parte do RN, PB, na faixa central de PE e no centro-leste da BA: dia nublado. No noroeste do MA: sol entre nuvens e pequena chance de pancada de chuva. Nas demais \u00e1reas da Regi\u00e3o: predom\u00ednio de sol. Temperaturas est\u00e1veis. Temperatura m\u00e1xima: 37C no norte do PI. Temperatura m\u00ednima: 13C no sul da BA.<\/p>\n<p>Regi\u00e3o Norte \u2013 previs\u00e3o do tempo em 28\/08\/2010: No TO e no sudeste do PA: c\u00e9u claro. No AM, em RR, no oeste do AC e no norte de RO: sol com varia\u00e7\u00e3o de nuvens e pancada de chuva isolada. No sudeste do PA e demais \u00e1reas do TO: predom\u00ednio de sol. Nas demais \u00e1reas da regi\u00e3o: sol com nebulosidade vari\u00e1vel e pequena chance de pancadas de chuva. As temperaturas estar\u00e3o est\u00e1veis. Temperatura m\u00e1xima: 42C no sul de AM. Temperatura m\u00ednima: 18C no noroeste de RR.<\/p>\n<p>Regi\u00e3o Sudeste \u2013 previs\u00e3o do tempo em 28\/08\/2010: No nordeste de MG e extremo norte do ES: dia nublado. No sudoeste de MG e centro-sudoeste de SP: c\u00e9u claro. Nas demais \u00e1reas da Regi\u00e3o: predom\u00ednio de sol. A umidade relativa do ar estar\u00e1 baixa em grande parte da Regi\u00e3o. Temperaturas est\u00e1veis. Temperatura m\u00e1xima: 37C no Tri\u00e2ngulo Mineiro. Temperatura m\u00ednima: 11C no sul de MG.<\/p>\n<p>Regi\u00e3o Sul \u2013 previs\u00e3o do tempo em 28\/08\/2010: No centro-sul do RS: nublado com pancadas de chuva. No norte e noroeste do RS e extremo sudeste de SC: nebulosidade vari\u00e1vel e pancada de chuva. No norte do PR: c\u00e9u claro, com baixos valores de umidade relativa do ar. Nas demais \u00e1reas da Regi\u00e3o: predom\u00ednio de sol. Temperaturas em eleva\u00e7\u00e3o no RS. Temperatura m\u00e1xima: 32C no extremo noroeste do PR. Temperatura m\u00ednima: 11C no interior do PR.<\/p>\n<p>Previs\u00e3o do tempo e temperatura CPTEC<\/p>\n","protected":false},"excerpt":{"rendered":"<p>Previs\u00e3o do tempo \u2013 a meteorologia divulgou a previs\u00e3o do tempo e temperatura para este s\u00e1bado (28\/08) e informa que a massa de ar seco ainda predominar\u00e1 em grande parte do pa\u00eds e por isso o dia ser\u00e1 ensolarado nas Regi\u00f5es Sudeste, Centro-Oeste, parte do Sul e do Nordeste. A umidade relativa do ar estar\u00e1 [&hellip;]<\/p>\n","protected":false},"author":3,"featured_media":28410,"comment_status":"open","ping_status":"open","sticky":false,"template":"","format":"standard","meta":{"_genesis_hide_title":false,"_genesis_hide_breadcrumbs":false,"_genesis_hide_singular_image":false,"_genesis_hide_footer_widgets":false,"_genesis_custom_body_class":"","_genesis_custom_post_class":"","_genesis_layout":"","_jetpack_memberships_contains_paid_content":false,"footnotes":""},"categories":[22],"tags":[],"class_list":{"0":"post-31105","1":"post","2":"type-post","3":"status-publish","4":"format-standard","5":"has-post-thumbnail","7":"category-brasil","8":"entry","9":"gs-1","10":"gs-odd","11":"gs-even","12":"gs-featured-content-entry"},"jetpack_featured_media_url":"https:\/\/www.redenoticia.com.br\/noticia\/imagens\/previsao-do-tempo-temperatura.jpg","jetpack_sharing_enabled":true,"jetpack_likes_enabled":true,"_links":{"self":[{"href":"https:\/\/www.redenoticia.com.br\/noticia\/wp-json\/wp\/v2\/posts\/31105","targetHints":{"allow":["GET"]}}],"collection":[{"href":"https:\/\/www.redenoticia.com.br\/noticia\/wp-json\/wp\/v2\/posts"}],"about":[{"href":"https:\/\/www.redenoticia.com.br\/noticia\/wp-json\/wp\/v2\/types\/post"}],"author":[{"embeddable":true,"href":"https:\/\/www.redenoticia.com.br\/noticia\/wp-json\/wp\/v2\/users\/3"}],"replies":[{"embeddable":true,"href":"https:\/\/www.redenoticia.com.br\/noticia\/wp-json\/wp\/v2\/comments?post=31105"}],"version-history":[{"count":0,"href":"https:\/\/www.redenoticia.com.br\/noticia\/wp-json\/wp\/v2\/posts\/31105\/revisions"}],"wp:featuredmedia":[{"embeddable":true,"href":"https:\/\/www.redenoticia.com.br\/noticia\/wp-json\/wp\/v2\/media\/28410"}],"wp:attachment":[{"href":"https:\/\/www.redenoticia.com.br\/noticia\/wp-json\/wp\/v2\/media?parent=31105"}],"wp:term":[{"taxonomy":"category","embeddable":true,"href":"https:\/\/www.redenoticia.com.br\/noticia\/wp-json\/wp\/v2\/categories?post=31105"},{"taxonomy":"post_tag","embeddable":true,"href":"https:\/\/www.redenoticia.com.br\/noticia\/wp-json\/wp\/v2\/tags?post=31105"}],"curies":[{"name":"wp","href":"https:\/\/api.w.org\/{rel}","templated":true}]}}