{"id":31087,"date":"2010-08-26T18:37:52","date_gmt":"2010-08-26T22:37:52","guid":{"rendered":"http:\/\/www.redenoticia.com.br\/noticia\/?p=31087"},"modified":"2010-08-27T15:22:25","modified_gmt":"2010-08-27T19:22:25","slug":"meteorologia-%e2%80%93-previsao-do-tempo-para-esta-sexta-feira-2708","status":"publish","type":"post","link":"https:\/\/www.redenoticia.com.br\/noticia\/2010\/meteorologia-%e2%80%93-previsao-do-tempo-para-esta-sexta-feira-2708\/31087","title":{"rendered":"Meteorologia \u2013 previs\u00e3o do tempo para esta sexta-feira 27\/08"},"content":{"rendered":"<p><img loading=\"lazy\" decoding=\"async\" class=\"alignleft size-full wp-image-28410\" title=\"previsao do tempo temperatura\" src=\"https:\/\/www.redenoticia.com.br\/noticia\/imagens\/previsao-do-tempo-temperatura.jpg\" alt=\"\" width=\"300\" height=\"193\" srcset=\"https:\/\/www.redenoticia.com.br\/noticia\/imagens\/previsao-do-tempo-temperatura.jpg 300w, https:\/\/www.redenoticia.com.br\/noticia\/imagens\/previsao-do-tempo-temperatura-250x160.jpg 250w, https:\/\/www.redenoticia.com.br\/noticia\/imagens\/previsao-do-tempo-temperatura-150x96.jpg 150w\" sizes=\"auto, (max-width: 300px) 100vw, 300px\" \/><\/p>\n<p>Previs\u00e3o do tempo \u2013 a <strong><em>meteorologia<\/em><\/strong> divulgou a <strong><em>previs\u00e3o do tempo<\/em><\/strong> e <strong><em>temperatura<\/em><\/strong> para esta sexta-feira (27\/08) e informa que \u00e1reas de instabilidade causar\u00e3o pancadas de chuva no centro-norte do RS e sul de SC. Haver\u00e1 chance para temporais de forma localizada no oeste, centro, leste e norte do RS. No sul do RS haver\u00e1 apenas chuva fraca e localizada. Segundo a previs\u00e3o do tempo ventos \u00famidos que sopram do oceano causam chuva r\u00e1pida no litoral nordestino, entre o leste da BA e o leste do RN. Calor e pancadas de chuva de forma localizada no interior da Regi\u00e3o Norte e no norte do MA. Dados da previs\u00e3o do tempo indicam que nas demais \u00e1reas do Brasil, a massa de ar quente e seco manter\u00e1 o dia ensolarado com umidade relativa do ar baixa no sul de RO, na Regi\u00e3o Centro-Oeste, norte do PR e interior da Regi\u00e3o Sudeste. A previs\u00e3o do tempo destaca que em \u00e1reas do centro-norte de GO e norte de MT, a nebulosidade dever\u00e1 aumentar e a umidade relativa do ar dever\u00e1 ficar um pouco mais elevada, embora a inda com valores abaixo dos 30%. Temperaturas elevadas em grande parte do pa\u00eds.<\/p>\n<p>Vale do Para\u00edba \u2013 previs\u00e3o do tempo em 27\/08 permanecer\u00e1 o tempo seco em toda a regi\u00e3o com umidade do ar em torno dos 25% per\u00edodo da tarde em algumas cidades do Vale e da Serra. O risco de inc\u00eandio estar\u00e1 elevado. A temperatura seguir\u00e1 est\u00e1vel.<\/p>\n<p>Regi\u00e3o Centro-Oeste \u2013 previs\u00e3o do tempo em 27\/08\/2010: No norte do MT e sudoeste do MS: predom\u00ednio de sol. Nas demais \u00e1reas da Regi\u00e3o: c\u00e9u claro. A umidade relativa do ar estar\u00e1 baixa em grande parte da Regi\u00e3o. Temperaturas m\u00e1ximas elevadas. Temperatura m\u00e1xima: 42C no noroeste do MT. Temperatura m\u00ednima: 15C no sudoeste de GO.<\/p>\n<p>Regi\u00e3o Nordeste \u2013 previs\u00e3o do tempo em 27\/08\/2010: No leste da Regi\u00e3o: tempo inst\u00e1vel com algumas aberturas de sol e chuva a qualquer hora. Na maior parte do RN, PB, na faixa central de PE, no centro-leste e sul da BA: dia nublado. Na faixa central do MA, centro-norte do PI e em todo o CE: sol e poucas nuvens. No norte do MA: pequena possibilidade de chuva \u00e0 tarde. Nas demais \u00e1reas da Regi\u00e3o: predom\u00ednio de sol. Temperaturas est\u00e1veis. Temperatura m\u00e1xima: 38C no norte do PI. Temperatura m\u00ednima: 18C no sul do CE.<\/p>\n<p>Regi\u00e3o Norte \u2013 previs\u00e3o do tempo em 27\/08\/2010: No norte do PA e no AP: sol entre nuvens. No nordeste do PA: possibilidade de pancada de chuva a tarde. No centro-sul de RO, sudeste do PA e no TO: predom\u00ednio de sol e umidade relativa do ar baixa para essas \u00e1reas. No sudoeste do PA, norte de RO, sul do AM e no AC: pequena chance de pancada de chuva. Nas demais \u00e1reas da Regi\u00e3o: sol e poucas nuvens. Temperaturas est\u00e1veis. Temperatura m\u00e1xima: 43C no sul de RO. Temperatura m\u00ednima: 18C no noroeste de RR.<\/p>\n<p>Regi\u00e3o Sudeste \u2013 previs\u00e3o do tempo em 27\/08\/2010: No nordeste de MG e extremo norte do ES: nublado. No oeste de MG, grande parte de SP e extremo sul do RJ: c\u00e9u claro, com baixos valores de umidade relativa. No extremo sul de SP e demais \u00e1reas da regi\u00e3o. Na maior parte do RJ, SP e centro-oeste, sul e sudeste de MG: predom\u00ednio de sol. Nas demais \u00e1reas da Regi\u00e3o: sol e poucas nuvens. Temperaturas est\u00e1veis. Temperatura m\u00e1xima: 36C no noroeste de SP. Temperatura m\u00ednima: 9C no sul de MG.<\/p>\n<p>Regi\u00e3o Sul \u2013 previs\u00e3o do tempo em 27\/08\/2010: No sul do RS: chuva isolada. No norte do RS e extremo sudeste de SC: pancada de chuva. Nas demais \u00e1reas do RS: nublado com pancada de chuva. No extremo norte do PR: c\u00e9u claro. Nas demais \u00e1reas de SC e do PR: sol na maior parte do per\u00edodo. A umidade relativa do ar estar\u00e1 baixa no centro-norte do PR. As temperaturas m\u00e1ximas estar\u00e3o est\u00e1veis. Temperatura m\u00e1xima: 32C no extremo noroeste do PR. Temperatura m\u00ednima: 10C no nordeste do PR.<\/p>\n<p>Previs\u00e3o do tempo e temperatura CPTEC<\/p>\n","protected":false},"excerpt":{"rendered":"<p>Previs\u00e3o do tempo \u2013 a meteorologia divulgou a previs\u00e3o do tempo e temperatura para esta sexta-feira (27\/08) e informa que \u00e1reas de instabilidade causar\u00e3o pancadas de chuva no centro-norte do RS e sul de SC. Haver\u00e1 chance para temporais de forma localizada no oeste, centro, leste e norte do RS. No sul do RS haver\u00e1 [&hellip;]<\/p>\n","protected":false},"author":3,"featured_media":28410,"comment_status":"open","ping_status":"open","sticky":false,"template":"","format":"standard","meta":{"_genesis_hide_title":false,"_genesis_hide_breadcrumbs":false,"_genesis_hide_singular_image":false,"_genesis_hide_footer_widgets":false,"_genesis_custom_body_class":"","_genesis_custom_post_class":"","_genesis_layout":"","_jetpack_memberships_contains_paid_content":false,"footnotes":""},"categories":[22],"tags":[],"class_list":{"0":"post-31087","1":"post","2":"type-post","3":"status-publish","4":"format-standard","5":"has-post-thumbnail","7":"category-brasil","8":"entry","9":"gs-1","10":"gs-odd","11":"gs-even","12":"gs-featured-content-entry"},"jetpack_featured_media_url":"https:\/\/www.redenoticia.com.br\/noticia\/imagens\/previsao-do-tempo-temperatura.jpg","jetpack_sharing_enabled":true,"jetpack_likes_enabled":true,"_links":{"self":[{"href":"https:\/\/www.redenoticia.com.br\/noticia\/wp-json\/wp\/v2\/posts\/31087","targetHints":{"allow":["GET"]}}],"collection":[{"href":"https:\/\/www.redenoticia.com.br\/noticia\/wp-json\/wp\/v2\/posts"}],"about":[{"href":"https:\/\/www.redenoticia.com.br\/noticia\/wp-json\/wp\/v2\/types\/post"}],"author":[{"embeddable":true,"href":"https:\/\/www.redenoticia.com.br\/noticia\/wp-json\/wp\/v2\/users\/3"}],"replies":[{"embeddable":true,"href":"https:\/\/www.redenoticia.com.br\/noticia\/wp-json\/wp\/v2\/comments?post=31087"}],"version-history":[{"count":0,"href":"https:\/\/www.redenoticia.com.br\/noticia\/wp-json\/wp\/v2\/posts\/31087\/revisions"}],"wp:featuredmedia":[{"embeddable":true,"href":"https:\/\/www.redenoticia.com.br\/noticia\/wp-json\/wp\/v2\/media\/28410"}],"wp:attachment":[{"href":"https:\/\/www.redenoticia.com.br\/noticia\/wp-json\/wp\/v2\/media?parent=31087"}],"wp:term":[{"taxonomy":"category","embeddable":true,"href":"https:\/\/www.redenoticia.com.br\/noticia\/wp-json\/wp\/v2\/categories?post=31087"},{"taxonomy":"post_tag","embeddable":true,"href":"https:\/\/www.redenoticia.com.br\/noticia\/wp-json\/wp\/v2\/tags?post=31087"}],"curies":[{"name":"wp","href":"https:\/\/api.w.org\/{rel}","templated":true}]}}