{"id":31020,"date":"2010-08-23T16:44:48","date_gmt":"2010-08-23T20:44:48","guid":{"rendered":"http:\/\/www.redenoticia.com.br\/noticia\/?p=31020"},"modified":"2010-08-23T16:44:48","modified_gmt":"2010-08-23T20:44:48","slug":"espaco-cult-realiza-curso-a-arte-da-entrevista","status":"publish","type":"post","link":"https:\/\/www.redenoticia.com.br\/noticia\/2010\/espaco-cult-realiza-curso-a-arte-da-entrevista\/31020","title":{"rendered":"Espa\u00e7o Cult realiza curso &#8220;A arte da entrevista&#8221;"},"content":{"rendered":"<p>Saber conduzir uma<strong><em> entrevista \u00e9 uma arte<\/em><\/strong>, mas, como toda arte, requer t\u00e9cnica. Quais s\u00e3o as t\u00e9cnicas fundamentais para fazer uma boa entrevista? \u00c9 poss\u00edvel realizar uma boa entrevista por telefone ou e-mail? Como fazer perguntas dif\u00edceis? Como lidar com entrevistado lac\u00f4nico? Mal-humorado? Prolixo? As t\u00e9cnicas de entrevistar, decupar, editar e pautar.<\/p>\n<p>ESTE CURSO SER\u00c1 REALIZADO NA FACULDADE C\u00c1SPER L\u00cdBERO. AV. PAULISTA, 900 \u2013 5\u00ba ANDAR.<\/p>\n<p>In\u00edcio: 18 de setembro<br \/>\nDura\u00e7\u00e3o: 4 horas<br \/>\nDias: S\u00e1bado<br \/>\nHor\u00e1rio: das 13h00 \u00e0s 17h00<br \/>\nVagas: 45<br \/>\nValor: R$ 160,00<\/p>\n<p>AULAS<\/p>\n<p>18 DE SETEMBRO | 1. A arte da entrevista<br \/>\nHor\u00e1rio: Das 13h00 \u00e0s 15h00<br \/>\nPalestrante(s): Thais Oyama, editora-executiva da revista Veja. Trabalhou na TV Globo, na revista Marie Claire e nos jornais Folha de S. Paulo e Estado de S. Paulo.<\/p>\n<p>18 DE SETEMBRO | 2. A arte da entrevista<br \/>\nHor\u00e1rio: Das 15h00 \u00e0s 17h00<br \/>\nPalestrante(s): Fernando Luna, diretor editorial da Editora Trip.<\/p>\n<p>INSCRI\u00c7\u00d5ES PELO SITE: www.espacocultcasper.com.br<\/p>\n<p>Data: 18\/09\/2010<\/p>\n<p>Endere\u00e7o: P\u00c7A. STO. AGOSTINHO, 70\/10\u00b0 ANDAR S\u00c3O PAULO &#8211; SP<\/p>\n<p>CEP: 01533070<\/p>\n<p>Cidade: S\u00c3O PAULO<\/p>\n<p>Estado: S\u00c3O PAULO<\/p>\n<p>Pa\u00eds: BRASIL<\/p>\n","protected":false},"excerpt":{"rendered":"<p>Saber conduzir uma entrevista \u00e9 uma arte, mas, como toda arte, requer t\u00e9cnica. Quais s\u00e3o as t\u00e9cnicas fundamentais para fazer uma boa entrevista? \u00c9 poss\u00edvel realizar uma boa entrevista por telefone ou e-mail? Como fazer perguntas dif\u00edceis? Como lidar com entrevistado lac\u00f4nico? Mal-humorado? Prolixo? As t\u00e9cnicas de entrevistar, decupar, editar e pautar. ESTE CURSO SER\u00c1 [&hellip;]<\/p>\n","protected":false},"author":3,"featured_media":0,"comment_status":"open","ping_status":"open","sticky":false,"template":"","format":"standard","meta":{"_genesis_hide_title":false,"_genesis_hide_breadcrumbs":false,"_genesis_hide_singular_image":false,"_genesis_hide_footer_widgets":false,"_genesis_custom_body_class":"","_genesis_custom_post_class":"","_genesis_layout":"","_jetpack_memberships_contains_paid_content":false,"footnotes":""},"categories":[22,351,370],"tags":[],"class_list":{"0":"post-31020","1":"post","2":"type-post","3":"status-publish","4":"format-standard","6":"category-brasil","7":"category-cursos","8":"category-inscricao","9":"entry","10":"gs-1","11":"gs-odd","12":"gs-even","13":"gs-featured-content-entry"},"jetpack_featured_media_url":"","jetpack_sharing_enabled":true,"jetpack_likes_enabled":true,"_links":{"self":[{"href":"https:\/\/www.redenoticia.com.br\/noticia\/wp-json\/wp\/v2\/posts\/31020","targetHints":{"allow":["GET"]}}],"collection":[{"href":"https:\/\/www.redenoticia.com.br\/noticia\/wp-json\/wp\/v2\/posts"}],"about":[{"href":"https:\/\/www.redenoticia.com.br\/noticia\/wp-json\/wp\/v2\/types\/post"}],"author":[{"embeddable":true,"href":"https:\/\/www.redenoticia.com.br\/noticia\/wp-json\/wp\/v2\/users\/3"}],"replies":[{"embeddable":true,"href":"https:\/\/www.redenoticia.com.br\/noticia\/wp-json\/wp\/v2\/comments?post=31020"}],"version-history":[{"count":0,"href":"https:\/\/www.redenoticia.com.br\/noticia\/wp-json\/wp\/v2\/posts\/31020\/revisions"}],"wp:attachment":[{"href":"https:\/\/www.redenoticia.com.br\/noticia\/wp-json\/wp\/v2\/media?parent=31020"}],"wp:term":[{"taxonomy":"category","embeddable":true,"href":"https:\/\/www.redenoticia.com.br\/noticia\/wp-json\/wp\/v2\/categories?post=31020"},{"taxonomy":"post_tag","embeddable":true,"href":"https:\/\/www.redenoticia.com.br\/noticia\/wp-json\/wp\/v2\/tags?post=31020"}],"curies":[{"name":"wp","href":"https:\/\/api.w.org\/{rel}","templated":true}]}}