{"id":30979,"date":"2010-08-21T23:00:55","date_gmt":"2010-08-22T03:00:55","guid":{"rendered":"http:\/\/www.redenoticia.com.br\/noticia\/?p=30979"},"modified":"2010-08-22T14:54:08","modified_gmt":"2010-08-22T18:54:08","slug":"meteorologia-%e2%80%93-previsao-do-tempo-para-este-domingo-2208","status":"publish","type":"post","link":"https:\/\/www.redenoticia.com.br\/noticia\/2010\/meteorologia-%e2%80%93-previsao-do-tempo-para-este-domingo-2208\/30979","title":{"rendered":"Meteorologia \u2013 previs\u00e3o do tempo para este domingo 22\/08"},"content":{"rendered":"<p><img loading=\"lazy\" decoding=\"async\" class=\"alignleft size-full wp-image-28410\" title=\"previsao do tempo temperatura\" src=\"https:\/\/www.redenoticia.com.br\/noticia\/imagens\/previsao-do-tempo-temperatura.jpg\" alt=\"\" width=\"300\" height=\"193\" srcset=\"https:\/\/www.redenoticia.com.br\/noticia\/imagens\/previsao-do-tempo-temperatura.jpg 300w, https:\/\/www.redenoticia.com.br\/noticia\/imagens\/previsao-do-tempo-temperatura-250x160.jpg 250w, https:\/\/www.redenoticia.com.br\/noticia\/imagens\/previsao-do-tempo-temperatura-150x96.jpg 150w\" sizes=\"auto, (max-width: 300px) 100vw, 300px\" \/>Previs\u00e3o do tempo \u2013 a <strong><em>meteorologia <\/em><\/strong>divulgou a <strong><em>previs\u00e3o do tempo<\/em><\/strong> e <strong><em>temperatura<\/em><\/strong> para domingo 22\/08\u00a0e informa que o dia estar\u00e1 ensolarado em grande parte do pa\u00eds. A umidade relativa do ar continuar\u00e1 baixa em \u00e1reas do sul da Regi\u00e3o Norte, oeste das Regi\u00f5es Nordeste e Sudeste e na Regi\u00e3o Centro-Oeste.\u00a0Segundo a previs\u00e3o do tempo haver\u00e1 chance de nevoeiros localizados em \u00e1reas da Regi\u00e3o Sul, Serra da Mantiqueira e leste de MG.\u00a0Dados da previs\u00e3o do tempo indicam que o tempo ficar\u00e1 inst\u00e1vel no leste do Nordeste, com pancadas de chuva entre RN e AL.\u00a0A previs\u00e3o do tempo destaca que haver\u00e1 pancadas de chuva tamb\u00e9m entre o norte do AM, RR, noroeste do PA, e \u00e0 partir da tarde no AP, nordeste do PA, norte do MA, do PI e em grande parte do CE.<\/p>\n<p>Vale do Para\u00edba \u2013 previs\u00e3o do tempo 22\/08 haver\u00e1 predom\u00ednio de sol em toda a regi\u00e3o. Ainda haver\u00e1 chance de nevoeiros localizados ao amanhecer em \u00e1reas de baixada e serra do Vale. A umidade relativa do ar estar\u00e1 baixa e a temperatura estar\u00e1 est\u00e1vel.<\/p>\n<p>Regi\u00e3o Centro-Oeste \u2013 previs\u00e3o do tempo em 22\/08\/2010: No noroeste de MT: predom\u00ednio de sol. Nas demais \u00e1reas da Regi\u00e3o: c\u00e9u claro e baixa umidade relativa do ar \u00e0 tarde. Em algumas localidades os valores poder\u00e3o chegar aos 10%. Temperaturas elevadas. Temperatura m\u00e1xima: 40C no noroeste de MT. Temperatura m\u00ednima: 10C no leste de GO e DF.<\/p>\n<p>Regi\u00e3o Nordeste \u2013 previs\u00e3o do tempo em 22\/08\/2010: No Rec\u00f4ncavo Baiano: tempo inst\u00e1vel com poucas aberturas de sol e chuva a qualquer hora. Em grande parte do CE e no norte do PI, RN e do MA: sol entre nebulosidade vari\u00e1vel com pancadas de chuva \u00e0 tarde. Na faixa central de PE, no oeste da PB e no leste da BA: dia nublado. No leste entre a PB e AL: sol entre nebulosidade vari\u00e1vel e com pancadas de chuva isolada. No centro de AL, nas demais \u00e1reas de SE e no centro-leste da BA: dia nublado. Nas demais \u00e1reas do PI e do MA, no centro-oeste da BA, no oeste de PE e no sul do CE: dia ensolarado com umidade relativa do ar baixa \u00e0 tarde. Nas demais \u00e1reas da Regi\u00e3o: muitas nuvens com chuva isolada. Temperaturas est\u00e1veis. Temperatura m\u00e1xima: 36C no norte do PI. Temperatura m\u00ednima: 14C no oeste da BA.<\/p>\n<p>Regi\u00e3o Norte \u2013 previs\u00e3o do tempo em 22\/08\/2010: No centro-norte do AM, no extremo oeste do AP, no noroeste do PA e em RR: sol entre nebulosidade vari\u00e1vel e com pancadas de chuva. No nordeste do PA e nas demais \u00e1reas do AP: sol entre nebulosidade vari\u00e1vel com pancadas de chuva \u00e0 tarde. No centro-sul de RO e do TO: c\u00e9u claro. Nas demais \u00e1reas da Regi\u00e3o: dia ensolarado com umidade relativa do ar baixa no per\u00edodo da tarde. Temperaturas elevadas. Temperatura m\u00e1xima: 42C no norte de RO e no sul do AM. Temperatura m\u00ednima: 18C no sudeste do PA.<\/p>\n<p>Regi\u00e3o Sudeste \u2013 previs\u00e3o do tempo em 22\/08\/2010: No Tri\u00e2ngulo Mineiro e extremo oeste de MG e no noroeste de SP: c\u00e9u claro. No nordeste do ES e no extremo nordeste de MG: sol entre nebulosidade vari\u00e1vel. Nas demais \u00e1reas da regi\u00e3o: predom\u00ednio de sol. No in\u00edcio do dia poder\u00e1 ocorrer nevoeiro no centro-leste e sul de MG e no nordeste de SP e Vale do Para\u00edba. A umidade relativa do ar ficar\u00e1 baixa no per\u00edodo da tarde em grande parte da Regi\u00e3o. Temperaturas est\u00e1veis. Temperatura m\u00e1xima: 33C no Tri\u00e2ngulo Mineiro. Temperatura m\u00ednima: 3C na Serra da Mantiqueira.<\/p>\n<p>Regi\u00e3o Sul \u2013 previs\u00e3o do tempo em 22\/08\/2010: No extremo sul do RS: nebulosidade vari\u00e1vel com possibilidade de pancadas de chuva \u00e0 noite. Nas demais \u00e1reas da Regi\u00e3o: predom\u00ednio de sol. No noroeste do PR a umidade relativa do ar estar\u00e1 baixa. Haver\u00e1 condi\u00e7\u00e3o para forma\u00e7\u00e3o de nevoeiro pela manh\u00e3 no leste do PR, em SC e no centro-norte do RS. As temperaturas estar\u00e3o em eleva\u00e7\u00e3o. Temperatura m\u00e1xima: 30C no centro-oeste do RS. Temperatura m\u00ednima: 9C no leste do PR.<\/p>\n<p>Previs\u00e3o do tempo e temperatura CPTEC<\/p>\n","protected":false},"excerpt":{"rendered":"<p>Previs\u00e3o do tempo \u2013 a meteorologia divulgou a previs\u00e3o do tempo e temperatura para domingo 22\/08\u00a0e informa que o dia estar\u00e1 ensolarado em grande parte do pa\u00eds. A umidade relativa do ar continuar\u00e1 baixa em \u00e1reas do sul da Regi\u00e3o Norte, oeste das Regi\u00f5es Nordeste e Sudeste e na Regi\u00e3o Centro-Oeste.\u00a0Segundo a previs\u00e3o do tempo [&hellip;]<\/p>\n","protected":false},"author":3,"featured_media":28410,"comment_status":"open","ping_status":"open","sticky":false,"template":"","format":"standard","meta":{"_genesis_hide_title":false,"_genesis_hide_breadcrumbs":false,"_genesis_hide_singular_image":false,"_genesis_hide_footer_widgets":false,"_genesis_custom_body_class":"","_genesis_custom_post_class":"","_genesis_layout":"","_jetpack_memberships_contains_paid_content":false,"footnotes":""},"categories":[22],"tags":[],"class_list":{"0":"post-30979","1":"post","2":"type-post","3":"status-publish","4":"format-standard","5":"has-post-thumbnail","7":"category-brasil","8":"entry","9":"gs-1","10":"gs-odd","11":"gs-even","12":"gs-featured-content-entry"},"jetpack_featured_media_url":"https:\/\/www.redenoticia.com.br\/noticia\/imagens\/previsao-do-tempo-temperatura.jpg","jetpack_sharing_enabled":true,"jetpack_likes_enabled":true,"_links":{"self":[{"href":"https:\/\/www.redenoticia.com.br\/noticia\/wp-json\/wp\/v2\/posts\/30979","targetHints":{"allow":["GET"]}}],"collection":[{"href":"https:\/\/www.redenoticia.com.br\/noticia\/wp-json\/wp\/v2\/posts"}],"about":[{"href":"https:\/\/www.redenoticia.com.br\/noticia\/wp-json\/wp\/v2\/types\/post"}],"author":[{"embeddable":true,"href":"https:\/\/www.redenoticia.com.br\/noticia\/wp-json\/wp\/v2\/users\/3"}],"replies":[{"embeddable":true,"href":"https:\/\/www.redenoticia.com.br\/noticia\/wp-json\/wp\/v2\/comments?post=30979"}],"version-history":[{"count":0,"href":"https:\/\/www.redenoticia.com.br\/noticia\/wp-json\/wp\/v2\/posts\/30979\/revisions"}],"wp:featuredmedia":[{"embeddable":true,"href":"https:\/\/www.redenoticia.com.br\/noticia\/wp-json\/wp\/v2\/media\/28410"}],"wp:attachment":[{"href":"https:\/\/www.redenoticia.com.br\/noticia\/wp-json\/wp\/v2\/media?parent=30979"}],"wp:term":[{"taxonomy":"category","embeddable":true,"href":"https:\/\/www.redenoticia.com.br\/noticia\/wp-json\/wp\/v2\/categories?post=30979"},{"taxonomy":"post_tag","embeddable":true,"href":"https:\/\/www.redenoticia.com.br\/noticia\/wp-json\/wp\/v2\/tags?post=30979"}],"curies":[{"name":"wp","href":"https:\/\/api.w.org\/{rel}","templated":true}]}}