{"id":30944,"date":"2010-08-20T12:13:00","date_gmt":"2010-08-20T16:13:00","guid":{"rendered":"http:\/\/www.redenoticia.com.br\/noticia\/?p=30944"},"modified":"2010-08-20T12:13:00","modified_gmt":"2010-08-20T16:13:00","slug":"mais-de-2-mil-empregos-formais-gerados-em-julho-em-ro","status":"publish","type":"post","link":"https:\/\/www.redenoticia.com.br\/noticia\/2010\/mais-de-2-mil-empregos-formais-gerados-em-julho-em-ro\/30944","title":{"rendered":"Mais de 2 mil empregos formais gerados em julho em RO"},"content":{"rendered":"<p>O Superintendente Regional do Trabalho e Emprego de Rond\u00f4nia \u2013 SRTE\/RO, Rodrigo Nogueira, informou, na tarde\u00a0\u00a0de quinta-feira(19), que\u00a0\u00a0segundo os dados do Cadastro Geral de Empregados e Desempregados &#8211; CAGED, em julho de 2010 foram gerados<strong>2.125 <\/strong>empregos celetistas, equivalente \u00e0 expans\u00e3o de\u00a0<strong>0,97% <\/strong>em rela\u00e7\u00e3o ao estoque de assalariados com carteira assinada do m\u00eas anterior. Em termos absolutos, esse desempenho \u00e9 o segundo melhor de toda a s\u00e9rie hist\u00f3rica do CAGED para o per\u00edodo, sendo superado apenas pelo ocorrido em 2009 (+2.683 postos). Tal desempenho deveu-se ao crescimento do emprego principalmente na Constru\u00e7\u00e3o Civil (<strong>+715 <\/strong>postos), na Ind\u00fastria de Transforma\u00e7\u00e3o (+<strong>556 <\/strong>postos), nos Servi\u00e7os (+<strong>479 <\/strong>postos) e no Com\u00e9rcio (+<strong>261<\/strong>postos).<\/p>\n<p>Segundo dados do CAGED, nos primeiros sete meses do corrente ano, houve acr\u00e9scimo de\u00a0<strong>18.859 <\/strong>postos (+<strong>9,37%<\/strong>). Este resultado foi o melhor de toda a s\u00e9rie hist\u00f3rica do CAGED, em termos absolutos, e o segundo melhor desempenho da Regi\u00e3o Norte, sendo superado somente pelo ocorrido no estado do Par\u00e1 (+23.284 postos). Em termos relativos, apresentou a maior taxa de crescimento dentre todas as UFs.<\/p>\n<p>Nos \u00faltimos 12 meses, o estado de Rond\u00f4nia foi respons\u00e1vel pela segunda maior gera\u00e7\u00e3o de empregos da Regi\u00e3o Norte, ao apresentar crescimento de\u00a0<strong>13,79% <\/strong>no n\u00edvel de emprego ou\u00a0<strong>+26.687 <\/strong>postos de trabalho. Esse resultado, em termos relativos, foi o melhor para o per\u00edodo tanto na Regi\u00e3o Norte quanto no pa\u00eds, e em termos absolutos, foi o segundo melhor da regi\u00e3o, menor que o obtido pelo estado do Par\u00e1 (+39.641 postos).<\/p>\n<p>\u201cAnalisando esses dados ficamos satisfeitos ao saber que no nosso Estado estamos com ofertas crescente, m\u00eas a m\u00eas, de empregos para nossa popula\u00e7\u00e3o,\u00a0\u00a0mas ao mesmo tempo, enquanto parte respons\u00e1vel pela equipe gestora da Superintend\u00eancia Regional do Trabalho e Emprego de Rond\u00f4nia, nos sentimos desafiados a dotar o \u00f3rg\u00e3o de condi\u00e7\u00f5es de atender esse demanda crescente. Estamos ciente disso, e essa \u00e9 uma das nossas principais metas para chegarmos ao nosso objetivo maior que \u00e9 prestar os servi\u00e7os do Minist\u00e9rio do Trabalho e Emprego\u00a0\u00a0, da melhor forma poss\u00edvel, para nossa popula\u00e7\u00e3o\u201d, observou Rodrigo Nogueira.<\/p>\n","protected":false},"excerpt":{"rendered":"<p>O Superintendente Regional do Trabalho e Emprego de Rond\u00f4nia \u2013 SRTE\/RO, Rodrigo Nogueira, informou, na tarde\u00a0\u00a0de quinta-feira(19), que\u00a0\u00a0segundo os dados do Cadastro Geral de Empregados e Desempregados &#8211; CAGED, em julho de 2010 foram gerados2.125 empregos celetistas, equivalente \u00e0 expans\u00e3o de\u00a00,97% em rela\u00e7\u00e3o ao estoque de assalariados com carteira assinada do m\u00eas anterior. Em termos [&hellip;]<\/p>\n","protected":false},"author":2,"featured_media":0,"comment_status":"open","ping_status":"open","sticky":false,"template":"","format":"standard","meta":{"_genesis_hide_title":false,"_genesis_hide_breadcrumbs":false,"_genesis_hide_singular_image":false,"_genesis_hide_footer_widgets":false,"_genesis_custom_body_class":"","_genesis_custom_post_class":"","_genesis_layout":"","_jetpack_memberships_contains_paid_content":false,"footnotes":""},"categories":[22],"tags":[],"class_list":{"0":"post-30944","1":"post","2":"type-post","3":"status-publish","4":"format-standard","6":"category-brasil","7":"entry","8":"gs-1","9":"gs-odd","10":"gs-even","11":"gs-featured-content-entry"},"jetpack_featured_media_url":"","jetpack_sharing_enabled":true,"jetpack_likes_enabled":true,"_links":{"self":[{"href":"https:\/\/www.redenoticia.com.br\/noticia\/wp-json\/wp\/v2\/posts\/30944","targetHints":{"allow":["GET"]}}],"collection":[{"href":"https:\/\/www.redenoticia.com.br\/noticia\/wp-json\/wp\/v2\/posts"}],"about":[{"href":"https:\/\/www.redenoticia.com.br\/noticia\/wp-json\/wp\/v2\/types\/post"}],"author":[{"embeddable":true,"href":"https:\/\/www.redenoticia.com.br\/noticia\/wp-json\/wp\/v2\/users\/2"}],"replies":[{"embeddable":true,"href":"https:\/\/www.redenoticia.com.br\/noticia\/wp-json\/wp\/v2\/comments?post=30944"}],"version-history":[{"count":0,"href":"https:\/\/www.redenoticia.com.br\/noticia\/wp-json\/wp\/v2\/posts\/30944\/revisions"}],"wp:attachment":[{"href":"https:\/\/www.redenoticia.com.br\/noticia\/wp-json\/wp\/v2\/media?parent=30944"}],"wp:term":[{"taxonomy":"category","embeddable":true,"href":"https:\/\/www.redenoticia.com.br\/noticia\/wp-json\/wp\/v2\/categories?post=30944"},{"taxonomy":"post_tag","embeddable":true,"href":"https:\/\/www.redenoticia.com.br\/noticia\/wp-json\/wp\/v2\/tags?post=30944"}],"curies":[{"name":"wp","href":"https:\/\/api.w.org\/{rel}","templated":true}]}}