{"id":30916,"date":"2010-08-19T12:23:00","date_gmt":"2010-08-19T16:23:00","guid":{"rendered":"http:\/\/www.redenoticia.com.br\/noticia\/?p=30916"},"modified":"2010-08-19T12:23:00","modified_gmt":"2010-08-19T16:23:00","slug":"inovacao-na-2%c2%aa-semana-de-design-24-a-26-de-agosto","status":"publish","type":"post","link":"https:\/\/www.redenoticia.com.br\/noticia\/2010\/inovacao-na-2%c2%aa-semana-de-design-24-a-26-de-agosto\/30916","title":{"rendered":"Inova\u00e7\u00e3o na 2\u00aa Semana de Design &#8211; 24 a 26 de agosto"},"content":{"rendered":"<p>Num mercado cada vez mais competitivo, a inova\u00e7\u00e3o constante na \u00e1rea de  produtos pode ser um grande diferencial mercadol\u00f3gico. Muitas empresas, na  incessante busca por oferecer algo diferenciado, acharam nas diferentes e  expressivas linhas do design, a solu\u00e7\u00e3o para chamar a aten\u00e7\u00e3o do p\u00fablico e se  destacar. De olho nessa tend\u00eancia, o Instituto Mau\u00e1 de Tecnologia escolheu o  tema \u2018Design Innovation\u2019 para reger a 2\u00aa Semana de <strong><em>Design<\/em><\/strong>, que acontece de 24 a  26 de agosto, no campus de S\u00e3o Caetano do Sul. Atrav\u00e9s de diversas palestras e  apresenta\u00e7\u00f5es de cases, renomados profissionais da \u00e1rea abordar\u00e3o, sob  diferentes enfoques, como o design pode contribuir para a inova\u00e7\u00e3o de produtos.  O evento \u00e9 aberto ao p\u00fablico, mas as vagas s\u00e3o limitadas.<\/p>\n<p>De acordo com a professora Cl\u00e1udia Facca, coordenadora do evento e tamb\u00e9m do  curso de Design do Produto da Mau\u00e1, a escolha do tema \u2018Design Innovation\u2019 se deu  pela atualidade do mesmo e pela constante necessidade dos futuros ou j\u00e1 atuantes  profissionais do mercado estarem sempre antenados nas \u00faltimas novidades da \u00e1rea.  Al\u00e9m disso, o tema tamb\u00e9m reflete o grande objetivo do desenvolvimento de  qualquer novo produto, a inova\u00e7\u00e3o. \u201cEssa \u00e9 a raz\u00e3o do design existir\u201d,  explica.<\/p>\n<p>O grande objetivo da Semana de Design \u00e9 trazer, para o ambiente acad\u00eamico,  profissionais de empresas conhecidas do setor, que vivenciam o tema no seu dia a  dia e podem comprovar, atrav\u00e9s de suas experi\u00eancias, a import\u00e2ncia de se ter um  design inovador. \u201cAl\u00e9m de mostrar o que est\u00e1 acontecendo nas empresas, queremos  tamb\u00e9m nos aproximar, e com isso, intensificar a rela\u00e7\u00e3o empresa-escola\u201d, conta  a coordenadora.<\/p>\n<p>Para esta edi\u00e7\u00e3o, a Mau\u00e1 convidou empresas de segmentos variados, tanto as  que possuem departamentos internos de design, como escrit\u00f3rios que desenvolvem  projetos e que apresentar\u00e3o no evento as v\u00e1rias faces do tema para  profissionais, estudantes da Mau\u00e1 e de outras institui\u00e7\u00f5es e interessados no  assunto de maneira geral. Dentre as empresas convidadas est\u00e3o: N\u00f3 Design, Ford  do Brasil, Fiat, Whirlpool, Gad Design e Market Analytics.<\/p>\n<p>Reconhecimento pela inova\u00e7\u00e3o \u2013 Reafirmado o quanto um projeto com linhas e  formas inovadoras pode se destacar e agregando ainda mais for\u00e7a ao nome do curso  de Design do Produto da Mau\u00e1, recentemente o professor Marcos Batista ,  juntamente com o designer Leonardo Romeu, foi laureado pela inova\u00e7\u00e3o de um de  seus projetos. Ambos foram agraciados na categoria eletrodom\u00e9stico\/ linha branca  do XI Pr\u00eamio House &amp; Gift de Design, que estimula a cria\u00e7\u00e3o e inova\u00e7\u00e3o de  produtos para uso dom\u00e9stico. A premia\u00e7\u00e3o tem como objetivo reconhecer as pe\u00e7as  que atinjam os mais altos \u00edndices nas m\u00e9tricas de avalia\u00e7\u00e3o, definindo o estilo  contempor\u00e2neo de design no Brasil, criando tend\u00eancias e moda. Ao designer, \u00e9  concedido o reconhecimento de seu talento, posicionando-o entre os melhores  profissionais do setor no mercado nacional.<\/p>\n<p>Servi\u00e7o \u2013 2\u00aa Semana de Design<br \/>\nTema \u2013 Design Innovation<br \/>\nData \u2013 de 24 a  26 de agosto de 2010<br \/>\nHor\u00e1rio \u2013 a partir das 19h<br \/>\nLocal \u2013 Audit\u00f3rio H201 do  Centro Universit\u00e1rio do Instituto Mau\u00e1 de Tecnologia, campus de S\u00e3o Caetano do  Sul (Pra\u00e7a Mau\u00e1, 01)<br \/>\nInforma\u00e7\u00f5es e inscri\u00e7\u00f5es: www.maua.br<\/p>\n<p>A programa\u00e7\u00e3o da 2\u00aa Semana de Design: Design Innovation:<br \/>\nDia 24<br \/>\n19h \u2013  Inova\u00e7\u00e3o pelo design \u2013 Transformando Modelos Mentais.<br \/>\nPalestrantes: Fl\u00e1vio  Bar\u00e3o Di Sarno e C\u00e2ndido Azeredo, s\u00f3cios da N\u00f3 Design.<\/p>\n<p>21h \u2013 Studio de Design \u2013 Linguagem Kinetic.<br \/>\nPalestrante: Jo\u00e3o Marcos de  Oliveira Ramos, FSAO Chief Designer da Ford.<\/p>\n<p>Dia 25<br \/>\n19h \u2013 Centro Estilo Fiat Am\u00e9rica Latina \u2013 Novo Fiat \u2013 Novo Idea \u2013  Fiat Mio.<br \/>\nPalestrante: Peter Fassbender, respons\u00e1vel pelo Centro de Estilo da  Fiat Am\u00e9rica Latina em Betim.<\/p>\n<p>21h \u2013 Experience Design.<br \/>\nPalestrante: Jaako Tammela, Experience Design  Manager da Whirlpool S. A.<\/p>\n<p>Dia 26<br \/>\n19h \u2013 Design como metodologia do pensar.<br \/>\nPalestrante: Fabiano  Pottes, Gerente de Inova\u00e7\u00e3o de Design da GAD\u2019Innovation.<\/p>\n<p>21h \u2013 Entendimento do consumidor como apoio \u00e0 inova\u00e7\u00e3o.<br \/>\nPalestrante:  Alexandre Catelan, s\u00f3cio-diretor da Market Analytics.<\/p>\n<p>Sobre o Instituto Mau\u00e1 de Tecnologia &#8211; IMT<br \/>\nO Instituto Mau\u00e1 de Tecnologia  &#8211; IMT \u00e9 uma entidade de direito privado, sem fins lucrativos, cujo objetivo  principal \u00e9 promover o ensino t\u00e9cnico-cient\u00edfico, visando a forma\u00e7\u00e3o de recursos  humanos altamente qualificados, que contribuam para o desenvolvimento  socioecon\u00f4mico do Pa\u00eds. Fundado em dezembro de 1961, o IMT, com campi em S\u00e3o  Paulo e S\u00e3o Caetano do Sul, mant\u00e9m duas unidades: Centro Universit\u00e1rio e Centro  de Pesquisas.<br \/>\nO Centro Universit\u00e1rio oferece cursos de gradua\u00e7\u00e3o em  Administra\u00e7\u00e3o, Design do Produto e Engenharia, al\u00e9m de cursos superiores de  tecnologia em Gest\u00e3o Ambiental e em Gest\u00e3o da Tecnologia da Informa\u00e7\u00e3o. Na  p\u00f3s-gradua\u00e7\u00e3o s\u00e3o oferecidos cursos de aperfei\u00e7oamento, especializa\u00e7\u00e3o e MBA nas  \u00e1reas de Administra\u00e7\u00e3o, Gest\u00e3o e Engenharia e \u00e9 desenvolvido programa de  Mestrado em processos qu\u00edmicos e bioqu\u00edmicos.<br \/>\nO Centro de Pesquisas disp\u00f5e de  um quadro de t\u00e9cnicos e engenheiros e, h\u00e1 mais de 40 anos, desenvolve tecnologia  para atendimento de necessidades da ind\u00fastria, al\u00e9m de proporcionar est\u00e1gios aos  alunos do Centro Universit\u00e1rio, que assim complementam sua forma\u00e7\u00e3o  profissional.<\/p>\n","protected":false},"excerpt":{"rendered":"<p>Num mercado cada vez mais competitivo, a inova\u00e7\u00e3o constante na \u00e1rea de produtos pode ser um grande diferencial mercadol\u00f3gico. Muitas empresas, na incessante busca por oferecer algo diferenciado, acharam nas diferentes e expressivas linhas do design, a solu\u00e7\u00e3o para chamar a aten\u00e7\u00e3o do p\u00fablico e se destacar. De olho nessa tend\u00eancia, o Instituto Mau\u00e1 de [&hellip;]<\/p>\n","protected":false},"author":3,"featured_media":0,"comment_status":"open","ping_status":"open","sticky":false,"template":"","format":"standard","meta":{"_genesis_hide_title":false,"_genesis_hide_breadcrumbs":false,"_genesis_hide_singular_image":false,"_genesis_hide_footer_widgets":false,"_genesis_custom_body_class":"","_genesis_custom_post_class":"","_genesis_layout":"","_jetpack_memberships_contains_paid_content":false,"footnotes":""},"categories":[22],"tags":[],"class_list":{"0":"post-30916","1":"post","2":"type-post","3":"status-publish","4":"format-standard","6":"category-brasil","7":"entry","8":"gs-1","9":"gs-odd","10":"gs-even","11":"gs-featured-content-entry"},"jetpack_featured_media_url":"","jetpack_sharing_enabled":true,"jetpack_likes_enabled":true,"_links":{"self":[{"href":"https:\/\/www.redenoticia.com.br\/noticia\/wp-json\/wp\/v2\/posts\/30916","targetHints":{"allow":["GET"]}}],"collection":[{"href":"https:\/\/www.redenoticia.com.br\/noticia\/wp-json\/wp\/v2\/posts"}],"about":[{"href":"https:\/\/www.redenoticia.com.br\/noticia\/wp-json\/wp\/v2\/types\/post"}],"author":[{"embeddable":true,"href":"https:\/\/www.redenoticia.com.br\/noticia\/wp-json\/wp\/v2\/users\/3"}],"replies":[{"embeddable":true,"href":"https:\/\/www.redenoticia.com.br\/noticia\/wp-json\/wp\/v2\/comments?post=30916"}],"version-history":[{"count":0,"href":"https:\/\/www.redenoticia.com.br\/noticia\/wp-json\/wp\/v2\/posts\/30916\/revisions"}],"wp:attachment":[{"href":"https:\/\/www.redenoticia.com.br\/noticia\/wp-json\/wp\/v2\/media?parent=30916"}],"wp:term":[{"taxonomy":"category","embeddable":true,"href":"https:\/\/www.redenoticia.com.br\/noticia\/wp-json\/wp\/v2\/categories?post=30916"},{"taxonomy":"post_tag","embeddable":true,"href":"https:\/\/www.redenoticia.com.br\/noticia\/wp-json\/wp\/v2\/tags?post=30916"}],"curies":[{"name":"wp","href":"https:\/\/api.w.org\/{rel}","templated":true}]}}