{"id":30898,"date":"2010-08-18T15:59:45","date_gmt":"2010-08-18T19:59:45","guid":{"rendered":"http:\/\/www.redenoticia.com.br\/noticia\/?p=30898"},"modified":"2010-08-18T15:59:45","modified_gmt":"2010-08-18T19:59:45","slug":"programa-concedera-230-bolsas-no-nivel-de-pos-doutorado","status":"publish","type":"post","link":"https:\/\/www.redenoticia.com.br\/noticia\/2010\/programa-concedera-230-bolsas-no-nivel-de-pos-doutorado\/30898","title":{"rendered":"Programa conceder\u00e1 230 bolsas no nivel de p\u00f3s-doutorado"},"content":{"rendered":"<p>O Programa de Apoio a Planos de Reestrutura\u00e7\u00e3o e Expans\u00e3o das Universidades Federais (<strong><em>Reuni<\/em><\/strong>) passar\u00e1 a conceder <strong><em>bolsas de p\u00f3s-gradua\u00e7\u00e3o<\/em><\/strong> no n\u00edvel de p\u00f3s-doutorado. Ser\u00e3o oferecidas 230 bolsas, em 14 universidades federais de todo o Brasil. Um investimento de mais de R$ 9 milh\u00f5es.<\/p>\n<p>As bolsas Reuni de Assist\u00eancia ao Ensino, previstas no programa, ter\u00e3o vig\u00eancia de at\u00e9 12 meses, sendo permitida a renova\u00e7\u00e3o por igual per\u00edodo. A previs\u00e3o \u00e9 de que o in\u00edcio da vig\u00eancia aconte\u00e7a at\u00e9 30 de agosto.<\/p>\n<p>A Portaria conjunta n\u00ba 1, da Secretaria de Educa\u00e7\u00e3o Superior (Sesu) e da Coordena\u00e7\u00e3o de Aperfei\u00e7oamento de Pessoal de N\u00edvel Superior (Capes), que disciplina a concess\u00e3o das bolsas nessa modalidade, foi publicada no Di\u00e1rio Oficial da Uni\u00e3o desta ter\u00e7a-feira, 17.<\/p>\n<p>Os candidatos \u00e0s bolsas Reuni de p\u00f3s-doutorado dever\u00e3o desenvolver pesquisa acad\u00eamica visando \u00e0 melhoria e \u00e0 inova\u00e7\u00e3o do ensino de gradua\u00e7\u00e3o e \u00e0 integra\u00e7\u00e3o com a p\u00f3s-gradua\u00e7\u00e3o. Os bolsistas ter\u00e3o o dever de gerar objetos educacionais de interesse das institui\u00e7\u00f5es. Essas atividades dever\u00e3o ser realizadas sem preju\u00edzo do atendimento aos demais requisitos e regulamenta\u00e7\u00e3o inerentes aos bolsistas da Capes.<\/p>\n<p>Os recursos destinados \u00e0 concess\u00e3o das bolsas ser\u00e3o descentralizados, para cada uma das universidades federais, tendo como refer\u00eancia o n\u00famero contemplado em cada plano de acordo de metas do programa Reuni. A descentraliza\u00e7\u00e3o ficar\u00e1 condicionada \u00e0 apresenta\u00e7\u00e3o de plano de trabalho, com base na proposta institucional aprovada pelo Comit\u00ea Gestor de Bolsas Reuni. As universidades t\u00eam at\u00e9 20 de agosto para apresentar o plano de trabalho \u00e0 Capes.<\/p>\n<p>Assessoria de Imprensa da Capes<\/p>\n<p>Acesse a <a href=\"http:\/\/portal.mec.gov.br\/index.php?option=com_docman&amp;task=doc_download&amp;gid=6543&amp;Itemid=\" target=\"_blank\">portaria<\/a> e saiba mais sobre as bolsas <a href=\"http:\/\/reuni.mec.gov.br\/\" target=\"_blank\">Reuni<\/a>.<\/p>\n","protected":false},"excerpt":{"rendered":"<p>O Programa de Apoio a Planos de Reestrutura\u00e7\u00e3o e Expans\u00e3o das Universidades Federais (Reuni) passar\u00e1 a conceder bolsas de p\u00f3s-gradua\u00e7\u00e3o no n\u00edvel de p\u00f3s-doutorado. Ser\u00e3o oferecidas 230 bolsas, em 14 universidades federais de todo o Brasil. Um investimento de mais de R$ 9 milh\u00f5es. As bolsas Reuni de Assist\u00eancia ao Ensino, previstas no programa, ter\u00e3o [&hellip;]<\/p>\n","protected":false},"author":3,"featured_media":0,"comment_status":"open","ping_status":"open","sticky":false,"template":"","format":"standard","meta":{"_genesis_hide_title":false,"_genesis_hide_breadcrumbs":false,"_genesis_hide_singular_image":false,"_genesis_hide_footer_widgets":false,"_genesis_custom_body_class":"","_genesis_custom_post_class":"","_genesis_layout":"","_jetpack_memberships_contains_paid_content":false,"footnotes":""},"categories":[22],"tags":[],"class_list":{"0":"post-30898","1":"post","2":"type-post","3":"status-publish","4":"format-standard","6":"category-brasil","7":"entry","8":"gs-1","9":"gs-odd","10":"gs-even","11":"gs-featured-content-entry"},"jetpack_featured_media_url":"","jetpack_sharing_enabled":true,"jetpack_likes_enabled":true,"_links":{"self":[{"href":"https:\/\/www.redenoticia.com.br\/noticia\/wp-json\/wp\/v2\/posts\/30898","targetHints":{"allow":["GET"]}}],"collection":[{"href":"https:\/\/www.redenoticia.com.br\/noticia\/wp-json\/wp\/v2\/posts"}],"about":[{"href":"https:\/\/www.redenoticia.com.br\/noticia\/wp-json\/wp\/v2\/types\/post"}],"author":[{"embeddable":true,"href":"https:\/\/www.redenoticia.com.br\/noticia\/wp-json\/wp\/v2\/users\/3"}],"replies":[{"embeddable":true,"href":"https:\/\/www.redenoticia.com.br\/noticia\/wp-json\/wp\/v2\/comments?post=30898"}],"version-history":[{"count":0,"href":"https:\/\/www.redenoticia.com.br\/noticia\/wp-json\/wp\/v2\/posts\/30898\/revisions"}],"wp:attachment":[{"href":"https:\/\/www.redenoticia.com.br\/noticia\/wp-json\/wp\/v2\/media?parent=30898"}],"wp:term":[{"taxonomy":"category","embeddable":true,"href":"https:\/\/www.redenoticia.com.br\/noticia\/wp-json\/wp\/v2\/categories?post=30898"},{"taxonomy":"post_tag","embeddable":true,"href":"https:\/\/www.redenoticia.com.br\/noticia\/wp-json\/wp\/v2\/tags?post=30898"}],"curies":[{"name":"wp","href":"https:\/\/api.w.org\/{rel}","templated":true}]}}