{"id":30877,"date":"2010-08-17T17:48:45","date_gmt":"2010-08-17T21:48:45","guid":{"rendered":"http:\/\/www.redenoticia.com.br\/noticia\/?p=30877"},"modified":"2010-08-17T17:48:45","modified_gmt":"2010-08-17T21:48:45","slug":"sem-chuva-caos-no-acre-ja-dura-2-semanas","status":"publish","type":"post","link":"https:\/\/www.redenoticia.com.br\/noticia\/2010\/sem-chuva-caos-no-acre-ja-dura-2-semanas\/30877","title":{"rendered":"Sem chuva, caos no Acre j\u00e1 dura 2 semanas"},"content":{"rendered":"<p>A nuvem de fuma\u00e7a das queimadas que atingem o <strong><em>Acre<\/em><\/strong> p\u00f4de ser sentida e notada  em diversas \u00e1reas urbanas do Estado nessa segunda-feira(16). Segundo informa\u00e7\u00f5es  do Instituto Nacional de Meteorologia, o INMET, as \u00faltimas 24 horas j\u00e1  registraram 75 focos. De acordo com informa\u00e7\u00f5es da SOMAR Meteorologia, a \u00faltima  chuva foi registrada em Rio Branco-AC, um dos munic\u00edpios mais afetados, ocorreu  em 1\u00b0 de junho desse ano, com acumulado de 18mm. Al\u00e9m disso, \u00e9 importante  refor\u00e7ar que a m\u00e9dia climatol\u00f3gica para os meses de inverno fica em torno de  apenas 40mm. Segundo os meteorologistas da SOMAR, n\u00e3o h\u00e1 previs\u00e3o para chuvas  nos pr\u00f3ximos dias e a temperatura pode chegar a 39\u00b0c.<\/p>\n<p>Entre os reflexos mais diretos dessa concentra\u00e7\u00e3o de fuma\u00e7a e tempo seco \u00e9 a  concentra\u00e7\u00e3o de poluentes. Al\u00e9m de muito desconforto \u00e0 popula\u00e7\u00e3o, somada \u00e0s  condi\u00e7\u00f5es extremas de temperatura e baixa umidade, a polui\u00e7\u00e3o das queimadas  intensificam principalmente problemas respirat\u00f3rios e card\u00edacos.<\/p>\n<p>AEROPORTO<\/p>\n<p>O aeroporto Pl\u00e1cido de Castro permanece inconstante, com fechamentos  intercalados, operando por instrumentos, por conta do volume de fuma\u00e7a que cobre  o c\u00e9u da cidade de Rio Branco. Dessa forma, os passageiros enfrentam muitos  transtornos e longas horas de espera. De acordo com a Gol, no \u00faltimo s\u00e1bado  (14), houve realmente, problema com o voo 1939. Por n\u00e3o conseguir pousar, o  avi\u00e3o voltou a Manaus. Mas, ainda no s\u00e1bado a situa\u00e7\u00e3o foi normalizada. De  acordo com a SOMAR Meteorologia a visibilidade hoje chegou a 500 metros. Para  que o aeroporto opere com a ajuda de aparelhos \u00e9 necess\u00e1rio que haja  visibilidade acima de 1.600 metros.<\/p>\n<p>Segundo informa\u00e7\u00f5es da Sala de Situa\u00e7\u00e3o do Governo do Estado, o momento atual  \u00e9 cr\u00edtico com a fuma\u00e7a vinda, principalmente, do sul do Estado do Amazonas,  Rond\u00f4nia, Mato Grosso e Bol\u00edvia. Al\u00e9m da visibilidade, obras na pista do  aeroporto tem sido outro obst\u00e1culo enfrentado pelos pilotos, at\u00e9 o m\u00eas de  outubro, antes que comece per\u00edodo de chuvas.<\/p>\n<p>Para saber mais informa\u00e7\u00f5es sobre o tempo na sua cidade ou em qualquer  parte do mundo, acesse www.tempoagora.com.br.<\/p>\n","protected":false},"excerpt":{"rendered":"<p>A nuvem de fuma\u00e7a das queimadas que atingem o Acre p\u00f4de ser sentida e notada em diversas \u00e1reas urbanas do Estado nessa segunda-feira(16). Segundo informa\u00e7\u00f5es do Instituto Nacional de Meteorologia, o INMET, as \u00faltimas 24 horas j\u00e1 registraram 75 focos. De acordo com informa\u00e7\u00f5es da SOMAR Meteorologia, a \u00faltima chuva foi registrada em Rio Branco-AC, [&hellip;]<\/p>\n","protected":false},"author":3,"featured_media":0,"comment_status":"open","ping_status":"open","sticky":false,"template":"","format":"standard","meta":{"_genesis_hide_title":false,"_genesis_hide_breadcrumbs":false,"_genesis_hide_singular_image":false,"_genesis_hide_footer_widgets":false,"_genesis_custom_body_class":"","_genesis_custom_post_class":"","_genesis_layout":"","_jetpack_memberships_contains_paid_content":false,"footnotes":""},"categories":[22,327],"tags":[],"class_list":{"0":"post-30877","1":"post","2":"type-post","3":"status-publish","4":"format-standard","6":"category-brasil","7":"category-clima","8":"entry","9":"gs-1","10":"gs-odd","11":"gs-even","12":"gs-featured-content-entry"},"jetpack_featured_media_url":"","jetpack_sharing_enabled":true,"jetpack_likes_enabled":true,"_links":{"self":[{"href":"https:\/\/www.redenoticia.com.br\/noticia\/wp-json\/wp\/v2\/posts\/30877","targetHints":{"allow":["GET"]}}],"collection":[{"href":"https:\/\/www.redenoticia.com.br\/noticia\/wp-json\/wp\/v2\/posts"}],"about":[{"href":"https:\/\/www.redenoticia.com.br\/noticia\/wp-json\/wp\/v2\/types\/post"}],"author":[{"embeddable":true,"href":"https:\/\/www.redenoticia.com.br\/noticia\/wp-json\/wp\/v2\/users\/3"}],"replies":[{"embeddable":true,"href":"https:\/\/www.redenoticia.com.br\/noticia\/wp-json\/wp\/v2\/comments?post=30877"}],"version-history":[{"count":0,"href":"https:\/\/www.redenoticia.com.br\/noticia\/wp-json\/wp\/v2\/posts\/30877\/revisions"}],"wp:attachment":[{"href":"https:\/\/www.redenoticia.com.br\/noticia\/wp-json\/wp\/v2\/media?parent=30877"}],"wp:term":[{"taxonomy":"category","embeddable":true,"href":"https:\/\/www.redenoticia.com.br\/noticia\/wp-json\/wp\/v2\/categories?post=30877"},{"taxonomy":"post_tag","embeddable":true,"href":"https:\/\/www.redenoticia.com.br\/noticia\/wp-json\/wp\/v2\/tags?post=30877"}],"curies":[{"name":"wp","href":"https:\/\/api.w.org\/{rel}","templated":true}]}}