{"id":30867,"date":"2010-08-17T16:39:27","date_gmt":"2010-08-17T20:39:27","guid":{"rendered":"http:\/\/www.redenoticia.com.br\/noticia\/?p=30867"},"modified":"2010-08-17T16:39:27","modified_gmt":"2010-08-17T20:39:27","slug":"industria-quimica-mundial-se-reune-na-informex","status":"publish","type":"post","link":"https:\/\/www.redenoticia.com.br\/noticia\/2010\/industria-quimica-mundial-se-reune-na-informex\/30867","title":{"rendered":"Ind\u00fastria qu\u00edmica mundial se re\u00fane na Informex"},"content":{"rendered":"<p><strong>A<\/strong>proximar o mercado latino-americano, especialmente o  brasileiro, dos principais fornecedores da ind\u00fastria qu\u00edmica mundial \u00e9 o  objetivo da primeira <strong>Informex Latin America <\/strong>&#8211; Feira  Internacional de Qu\u00edmica Fina e Derivados \u2013 (<a href=\"http:\/\/www.informexlatam.com.br\/\" target=\"_blank\">www.informexlatam.com.br<\/a>) &#8211; que  acontece nos dias 23 e 24 de agosto no Centro de Conven\u00e7\u00f5es Amcham na cidade de  S\u00e3o Paulo.<\/p>\n<p>Organizada pela UBM Brazil (www.ubmbrazil.com.br), bra\u00e7o local da  United Business Media Limited (UBM), multinacional de origem inglesa  especializada em feiras e m\u00eddia de neg\u00f3cios, a edi\u00e7\u00e3o regional da Informex Latin  ser\u00e1 bienal no Brasil, sendo realizada em outros pa\u00edses da Am\u00e9rica Latina nos  outros anos.<\/p>\n<p>Nos Estados Unidos, o evento que acontece h\u00e1 26 anos \u00e9  refer\u00eancia no segmento qu\u00edmico ao reunir gigantes do setor, como Bayer, Basf, Du  Pont, Dow, Rhodia, entre outras empresas. Al\u00e9m de Brasil e EUA, a UBM tamb\u00e9m  organiza uma vers\u00e3o da Informex na \u00cdndia. No Brasil, o evento tem o patroc\u00ednio  da Petrobr\u00e1s Solu\u00e7\u00f5es Qu\u00edmicas, Purac, Bunge, Base Qu\u00edmica, al\u00e9m de expositores  como Pochteca, Sasil, Makeni, Kemira, Poliquimia, Elsevier, Ambicamp, Oswaldo  Cruz Qu\u00edmica, UK Trade Invest, entre outros.<\/p>\n<p>A Informex Latin America  reunir\u00e1 mais de 40 expositores e 1,2 mil participantes, entre visitantes e  congressistas nacionais e internacionais, com a proposta de num s\u00f3 local gerar  conhecimento e criar uma eficiente rede de relacionamento, oportunidades e  neg\u00f3cios entre fornecedores e potenciais clientes.<\/p>\n<p>Executivos de  fabricantes e distribuidores de produtos qu\u00edmicos tradicionais, bioqu\u00edmicos,  qu\u00edmica fina, sustent\u00e1vel e de alta performance apresentar\u00e3o o que h\u00e1 de novo em  tecnologia, solu\u00e7\u00f5es e servi\u00e7os para as mais diversas aplica\u00e7\u00f5es, como tintas,  vernizes, detergentes, ind\u00fastria automotiva e aeroespacial, combust\u00edveis,  lubrificantes, aditivos, tratamento de \u00e1gua, higiene pessoal, cosm\u00e9ticos,  alimentos, adesivos pl\u00e1sticos, aromas, pol\u00edmeros, eletr\u00f4nicos, t\u00eaxteis, entre  outras.<\/p>\n<p>\u201cA Informex Latin ter\u00e1 como enfoque promover conte\u00fado e  networking por meio de palestras \u2013 em que especialistas reconhecidos  mundialmente dissertar\u00e3o sobre as principais tend\u00eancias e inova\u00e7\u00f5es do segmento  qu\u00edmico &#8211; e exposi\u00e7\u00f5es, onde ser\u00e1 poss\u00edvel conhecer as novidades e lan\u00e7amentos\u201d,  destaca o gerente do evento no Brasil, Cassiano  Facchinetti.<\/p>\n<p><em><strong>Peso econ\u00f4mico<\/strong><\/em><\/p>\n<p>O segmento  qu\u00edmico \u00e9 parte relevante da economia nacional, posicionando-se como a terceira  maior cadeia produtiva industrial do Pa\u00eds. De acordo com a Associa\u00e7\u00e3o Brasileira  da Ind\u00fastria Qu\u00edmica (Abiquim), o setor registrou um faturamento de US$ 103,3  bilh\u00f5es em 2009. As importa\u00e7\u00f5es de produtos qu\u00edmicos chegaram \u00e0 casa de US$ 26,1  bilh\u00f5es. At\u00e9 2014, a ind\u00fastria qu\u00edmica nacional dever\u00e1 investir aproximadamente  US$ 26 bi, segundo recente estudo da Abiquim, com cerca de 800  empresas.<\/p>\n<p>\u201cEstes n\u00fameros demonstram a import\u00e2ncia de um evento  internacional que concentre todo o setor e que coloque em exposi\u00e7\u00e3o os  fornecedores mundiais de qu\u00edmica, com interesse em exportar para o Brasil\u201d,  ressalta Facchinetti. \u201cO setor qu\u00edmico brasileiro est\u00e1 inserido entre os grandes  mercados mundiais. A Associquim, como entidade que congrega distribuidores de  produtos qu\u00edmicos e petroqu\u00edmicos no \u00e2mbito nacional, n\u00e3o poderia deixar de  prestar o seu apoio a um evento de t\u00e3o grande import\u00e2ncia\u201d, diz o presidente da  Associquim, Rubens Medrano.<\/p>\n<p>A Informex Latin conta com apoio das  principais lideran\u00e7as institucionais e empresariais do setor qu\u00edmico do Pa\u00eds:  Associa\u00e7\u00e3o Brasileira dos Distribuidores de Produtos Qu\u00edmicos e Petroqu\u00edmicos  (Associquim), Associa\u00e7\u00e3o Brasileira da Ind\u00fastria Qu\u00edmica (Abiquim), Associa\u00e7\u00e3o  Brasileira das Ind\u00fastrias de Qu\u00edmica Fina, Biotecnologia e suas Especialidades  (Abifina), Associa\u00e7\u00e3o Brasileira de Pol\u00edmeros (ABpol), Associa\u00e7\u00e3o Nacional de  Defesa Vegetal (Andef), Sindicato Nacional da Ind\u00fastria de Produtos para a  Defesa Agr\u00edcola (Sindag), bem como de organiza\u00e7\u00f5es internacionais, entre as  quais a Sociedade Americana \u201cSocma\u201d (Society of Chemical Manufacturers and  Affiliates), Croplife Latin-America e a UK Trade &amp;  Investiment.<\/p>\n<p><em><strong>UBM Brazil<\/strong><\/em><\/p>\n<p>A UBM Brazil (www.ubmbrazil.com.br) \u00e9\u00a0 uma divis\u00e3o da  United Business Media Limited (UBM), empresa l\u00edder global em m\u00eddia de neg\u00f3cios.  Sediada em Londres e presente em mais de 30 pa\u00edses, a UBM \u00e9 provedora de  neg\u00f3cios para diversos mercados.<\/p>\n<p>O grupo, que conta com 6,5 mil  funcion\u00e1rios, aproxima compradores e fornecedores em todo o mundo por meio de  eventos especializados e de m\u00eddias impressas e eletr\u00f4nicas.<\/p>\n<p>Foi a  primeira multinacional de feiras a atuar no mercado brasileiro, onde iniciou  opera\u00e7\u00e3o em 1994. De l\u00e1 para c\u00e1, posicionou-se como a terceira maior  organizadora internacional de eventos do  Pa\u00eds.<\/p>\n<p><em><strong>Servi\u00e7o<\/strong><\/em><\/p>\n<p>Informex Latin  America<br \/>\nDias: 23 e 24 de Agosto de 2010<br \/>\nLocal: Centro de Conven\u00e7\u00f5es  Amcham<br \/>\nEndere\u00e7o: Rua da Paz, 1431 ? Santo Amaro &#8211; S\u00e3o Paulo &#8211;  SP<br \/>\nOrganiza\u00e7\u00e3o: UBM Brazil<br \/>\nSite: www.informexlatam.com.br<br \/>\nE-mail:  informex@ubmbrazil.com.br<\/p>\n","protected":false},"excerpt":{"rendered":"<p>Aproximar o mercado latino-americano, especialmente o brasileiro, dos principais fornecedores da ind\u00fastria qu\u00edmica mundial \u00e9 o objetivo da primeira Informex Latin America &#8211; Feira Internacional de Qu\u00edmica Fina e Derivados \u2013 (www.informexlatam.com.br) &#8211; que acontece nos dias 23 e 24 de agosto no Centro de Conven\u00e7\u00f5es Amcham na cidade de S\u00e3o Paulo. Organizada pela UBM [&hellip;]<\/p>\n","protected":false},"author":3,"featured_media":0,"comment_status":"open","ping_status":"open","sticky":false,"template":"","format":"standard","meta":{"_genesis_hide_title":false,"_genesis_hide_breadcrumbs":false,"_genesis_hide_singular_image":false,"_genesis_hide_footer_widgets":false,"_genesis_custom_body_class":"","_genesis_custom_post_class":"","_genesis_layout":"","_jetpack_memberships_contains_paid_content":false,"footnotes":""},"categories":[22,7],"tags":[],"class_list":{"0":"post-30867","1":"post","2":"type-post","3":"status-publish","4":"format-standard","6":"category-brasil","7":"category-economia","8":"entry","9":"gs-1","10":"gs-odd","11":"gs-even","12":"gs-featured-content-entry"},"jetpack_featured_media_url":"","jetpack_sharing_enabled":true,"jetpack_likes_enabled":true,"_links":{"self":[{"href":"https:\/\/www.redenoticia.com.br\/noticia\/wp-json\/wp\/v2\/posts\/30867","targetHints":{"allow":["GET"]}}],"collection":[{"href":"https:\/\/www.redenoticia.com.br\/noticia\/wp-json\/wp\/v2\/posts"}],"about":[{"href":"https:\/\/www.redenoticia.com.br\/noticia\/wp-json\/wp\/v2\/types\/post"}],"author":[{"embeddable":true,"href":"https:\/\/www.redenoticia.com.br\/noticia\/wp-json\/wp\/v2\/users\/3"}],"replies":[{"embeddable":true,"href":"https:\/\/www.redenoticia.com.br\/noticia\/wp-json\/wp\/v2\/comments?post=30867"}],"version-history":[{"count":0,"href":"https:\/\/www.redenoticia.com.br\/noticia\/wp-json\/wp\/v2\/posts\/30867\/revisions"}],"wp:attachment":[{"href":"https:\/\/www.redenoticia.com.br\/noticia\/wp-json\/wp\/v2\/media?parent=30867"}],"wp:term":[{"taxonomy":"category","embeddable":true,"href":"https:\/\/www.redenoticia.com.br\/noticia\/wp-json\/wp\/v2\/categories?post=30867"},{"taxonomy":"post_tag","embeddable":true,"href":"https:\/\/www.redenoticia.com.br\/noticia\/wp-json\/wp\/v2\/tags?post=30867"}],"curies":[{"name":"wp","href":"https:\/\/api.w.org\/{rel}","templated":true}]}}