{"id":30785,"date":"2010-08-12T16:03:03","date_gmt":"2010-08-12T20:03:03","guid":{"rendered":"http:\/\/www.redenoticia.com.br\/noticia\/?p=30785"},"modified":"2010-08-12T16:03:42","modified_gmt":"2010-08-12T20:03:42","slug":"sociedade-de-cardiologia-promove-palestra-para-especialistas-em-saude","status":"publish","type":"post","link":"https:\/\/www.redenoticia.com.br\/noticia\/2010\/sociedade-de-cardiologia-promove-palestra-para-especialistas-em-saude\/30785","title":{"rendered":"SOCESP promove palestra para especialistas em sa\u00fade"},"content":{"rendered":"<p>A Regional ABCDM da <strong><em>Sociedade de Cardiologia<\/em><\/strong> do Estado de S\u00e3o Paulo (SOCESP) vai realizar no dia 17 de agosto, \u00e0s 19h30 a <strong><em>palestra \u201cNovos Stents \/ Indica\u00e7\u00e3o Art\u00e9ria Fechada\u201d,<\/em><\/strong> para m\u00e9dicos, enfermeiros, fisioterapeutas e estudantes de medicina. As vagas s\u00e3o limitadas. Os interessados devem entrar em contato pelo e-mail abcdm@socesp.org.br ou pelo site <a href=\"http:\/\/www.socesp.org.br\" target=\"_blank\">www.socesp.org.br<\/a>.<br \/>\nA aula ser\u00e1 ministrada pelo professor livre docente da USP, cardiologista e hemodinamicista do InCor, Dr. Expedito Eust\u00e1quio Ribeiro, que vai discutir os resultados e o impacto dos stents farmacol\u00f3gicos no contexto do tratamento da doen\u00e7a arterial coron\u00e1ria. \u201cAssim, conseguimos reduzir as necessidades de ponte de safena. Vamos mostrar quais os melhores pacientes para cirurgia, quais os melhores para o tratamento minimamente invasivo e explicar a import\u00e2ncia do tratamento cl\u00ednico adequado\u201d, complementa Ribeiro.<\/p>\n<p>O 1\u00ba secret\u00e1rio da Regional ABCDM, Rog\u00e9rio Krakauer, ressalta a import\u00e2ncia de abordar alguns fundamentos da cardiologia para o profissional que n\u00e3o \u00e9 especialista nessa \u00e1rea. \u201cVamos aproveitar a aula para explicar para o cl\u00ednico o que \u00e9 uma art\u00e9ria fechada (onde o sangue parou de passar e o m\u00fasculo do cora\u00e7\u00e3o n\u00e3o funciona mais) e suas vari\u00e1veis, por exemplo, quando pequenas art\u00e9rias ainda levam sangue para a regi\u00e3o. Entendendo isso, ser\u00e1 poss\u00edvel avaliar se a angioplastia \u00e9 ou n\u00e3o indicada para o paciente\u201d. A palestra ser\u00e1 gratuita e vai acontecer no Hotel Mercure, Av. Industrial, 885, Jardins, Santo Andr\u00e9. \u00c9 preciso fazer inscri\u00e7\u00e3o pr\u00e9via.<\/p>\n","protected":false},"excerpt":{"rendered":"<p>A Regional ABCDM da Sociedade de Cardiologia do Estado de S\u00e3o Paulo (SOCESP) vai realizar no dia 17 de agosto, \u00e0s 19h30 a palestra \u201cNovos Stents \/ Indica\u00e7\u00e3o Art\u00e9ria Fechada\u201d, para m\u00e9dicos, enfermeiros, fisioterapeutas e estudantes de medicina. As vagas s\u00e3o limitadas. Os interessados devem entrar em contato pelo e-mail abcdm@socesp.org.br ou pelo site www.socesp.org.br. [&hellip;]<\/p>\n","protected":false},"author":3,"featured_media":0,"comment_status":"open","ping_status":"open","sticky":false,"template":"","format":"standard","meta":{"_genesis_hide_title":false,"_genesis_hide_breadcrumbs":false,"_genesis_hide_singular_image":false,"_genesis_hide_footer_widgets":false,"_genesis_custom_body_class":"","_genesis_custom_post_class":"","_genesis_layout":"","_jetpack_memberships_contains_paid_content":false,"footnotes":""},"categories":[22,351,370,5],"tags":[],"class_list":{"0":"post-30785","1":"post","2":"type-post","3":"status-publish","4":"format-standard","6":"category-brasil","7":"category-cursos","8":"category-inscricao","9":"category-saude-e-vida","10":"entry","11":"gs-1","12":"gs-odd","13":"gs-even","14":"gs-featured-content-entry"},"jetpack_featured_media_url":"","jetpack_sharing_enabled":true,"jetpack_likes_enabled":true,"_links":{"self":[{"href":"https:\/\/www.redenoticia.com.br\/noticia\/wp-json\/wp\/v2\/posts\/30785","targetHints":{"allow":["GET"]}}],"collection":[{"href":"https:\/\/www.redenoticia.com.br\/noticia\/wp-json\/wp\/v2\/posts"}],"about":[{"href":"https:\/\/www.redenoticia.com.br\/noticia\/wp-json\/wp\/v2\/types\/post"}],"author":[{"embeddable":true,"href":"https:\/\/www.redenoticia.com.br\/noticia\/wp-json\/wp\/v2\/users\/3"}],"replies":[{"embeddable":true,"href":"https:\/\/www.redenoticia.com.br\/noticia\/wp-json\/wp\/v2\/comments?post=30785"}],"version-history":[{"count":0,"href":"https:\/\/www.redenoticia.com.br\/noticia\/wp-json\/wp\/v2\/posts\/30785\/revisions"}],"wp:attachment":[{"href":"https:\/\/www.redenoticia.com.br\/noticia\/wp-json\/wp\/v2\/media?parent=30785"}],"wp:term":[{"taxonomy":"category","embeddable":true,"href":"https:\/\/www.redenoticia.com.br\/noticia\/wp-json\/wp\/v2\/categories?post=30785"},{"taxonomy":"post_tag","embeddable":true,"href":"https:\/\/www.redenoticia.com.br\/noticia\/wp-json\/wp\/v2\/tags?post=30785"}],"curies":[{"name":"wp","href":"https:\/\/api.w.org\/{rel}","templated":true}]}}