{"id":30592,"date":"2010-08-04T10:24:57","date_gmt":"2010-08-04T14:24:57","guid":{"rendered":"http:\/\/www.redenoticia.com.br\/noticia\/?p=30592"},"modified":"2010-08-04T10:24:57","modified_gmt":"2010-08-04T14:24:57","slug":"musica-traz-jovens-de-20-paises-das-americas","status":"publish","type":"post","link":"https:\/\/www.redenoticia.com.br\/noticia\/2010\/musica-traz-jovens-de-20-paises-das-americas\/30592","title":{"rendered":"M\u00fasica traz jovens de 20 pa\u00edses das Am\u00e9ricas"},"content":{"rendered":"<p>Instigar o esp\u00edrito de uni\u00e3o hemisf\u00e9rica, criando embaixadores culturais  entre os jovens participantes. Com essa miss\u00e3o foi criada a <strong><em>Orquestra Jovem das  Am\u00e9ricas<\/em><\/strong>. Contando atualmente com 110 jovens m\u00fasicos de 20 pa\u00edses, incluindo  sete brasileiros, a orquestra se apresenta na pr\u00f3xima segunda-feira (9\/8) em  show \u00fanico no Teatro Bradesco (Bourbon Shopping Pomp\u00e9ia, em S\u00e3o Paulo). A  Orquestra vem a convite da Congrega\u00e7\u00e3o Israelita Paulista (CIP).<\/p>\n<p>Fundada em 2000, a Orquestra Jovem das Am\u00e9ricas tem como meta a excel\u00eancia  musical, estimulando sempre a descoberta de jovens talentos. Desde sua primeira  turn\u00ea, dois anos depois de sua funda\u00e7\u00e3o, a Orquestra acumula quase uma centena  de apresenta\u00e7\u00f5es pelas Am\u00e9ricas em algumas das mais importantes salas de  concerto pelo mundo. Tem como consultor art\u00edstico o tenor mundialmente conhecido  Pl\u00e1cido Domingo.<\/p>\n<p>No programa do espet\u00e1culo, que ser\u00e1 regido por Carlos Miguel Prieto, est\u00e3o  cl\u00e1ssicos como trechos do musical West Side Story, de Leonard Bernstein,  Sinfonia n\u00ba. 1 Op. 68, de Brahms, e Concerto para violino Op. 61, de Beethoven,  tendo como solista o extraordin\u00e1rio violinista russo Ilya Gringolts. Aos 16  anos, Gringolts foi vencedor do pr\u00eamio Paganini, o mais importante concurso de  violino do mundo, em G\u00eanova (It\u00e1lia). Desde ent\u00e3o, Gringolts se destaca  internacionalmente como um dos grandes violinistas em atividade. Atua junto \u00e0s  melhores orquestras e sob a reg\u00eancia dos grandes maestros. Suas grava\u00e7\u00f5es para o  selo Deutsche Grammophon t\u00eam sido aclamadas pela cr\u00edtica e pelo p\u00fablico.<\/p>\n<p>Os ingressos para o show variam de R$ 80 a R$ 180 e poder\u00e3o ser adquiridos  atrav\u00e9s do site www.ingressorapido.com.br ou do telefone 4003-1212. A renda  obtida com o espet\u00e1culo ser\u00e1 revertida para obras assistenciais da CIP.<\/p>\n<p>Sobre a entidade:<\/p>\n<p>Considerada a maior comunidade judaica liberal da Am\u00e9rica Latina, a  Congrega\u00e7\u00e3o Israelita Paulista (CIP) completa em 2010, 74 anos de atua\u00e7\u00e3o n\u00e3o s\u00f3  na comunidade judaica paulista, como tamb\u00e9m em todo o Brasil. Em suas bases, tem  como miss\u00e3o cont\u00ednua tornar cada vez mais presente as tradi\u00e7\u00f5es do juda\u00edsmo,  cultivando os princ\u00edpios judaico-liberais na vida cotidiana de cada um de seus  congregados. Seu papel tamb\u00e9m \u00e9 o de transmitir os valores \u00e9ticos do juda\u00edsmo,  divulgar seus ensinamentos e conceitos morais e fortalecer em cada indiv\u00edduo a  import\u00e2ncia da religi\u00e3o e o respeito \u00e0s cren\u00e7as alheias, semeando a toler\u00e2ncia  como virtude primordial para a paz verdadeira entre os povos.<\/p>\n","protected":false},"excerpt":{"rendered":"<p>Instigar o esp\u00edrito de uni\u00e3o hemisf\u00e9rica, criando embaixadores culturais entre os jovens participantes. Com essa miss\u00e3o foi criada a Orquestra Jovem das Am\u00e9ricas. Contando atualmente com 110 jovens m\u00fasicos de 20 pa\u00edses, incluindo sete brasileiros, a orquestra se apresenta na pr\u00f3xima segunda-feira (9\/8) em show \u00fanico no Teatro Bradesco (Bourbon Shopping Pomp\u00e9ia, em S\u00e3o Paulo). [&hellip;]<\/p>\n","protected":false},"author":3,"featured_media":0,"comment_status":"open","ping_status":"open","sticky":false,"template":"","format":"standard","meta":{"_genesis_hide_title":false,"_genesis_hide_breadcrumbs":false,"_genesis_hide_singular_image":false,"_genesis_hide_footer_widgets":false,"_genesis_custom_body_class":"","_genesis_custom_post_class":"","_genesis_layout":"","_jetpack_memberships_contains_paid_content":false,"footnotes":""},"categories":[22],"tags":[],"class_list":{"0":"post-30592","1":"post","2":"type-post","3":"status-publish","4":"format-standard","6":"category-brasil","7":"entry","8":"gs-1","9":"gs-odd","10":"gs-even","11":"gs-featured-content-entry"},"jetpack_featured_media_url":"","jetpack_sharing_enabled":true,"jetpack_likes_enabled":true,"_links":{"self":[{"href":"https:\/\/www.redenoticia.com.br\/noticia\/wp-json\/wp\/v2\/posts\/30592","targetHints":{"allow":["GET"]}}],"collection":[{"href":"https:\/\/www.redenoticia.com.br\/noticia\/wp-json\/wp\/v2\/posts"}],"about":[{"href":"https:\/\/www.redenoticia.com.br\/noticia\/wp-json\/wp\/v2\/types\/post"}],"author":[{"embeddable":true,"href":"https:\/\/www.redenoticia.com.br\/noticia\/wp-json\/wp\/v2\/users\/3"}],"replies":[{"embeddable":true,"href":"https:\/\/www.redenoticia.com.br\/noticia\/wp-json\/wp\/v2\/comments?post=30592"}],"version-history":[{"count":0,"href":"https:\/\/www.redenoticia.com.br\/noticia\/wp-json\/wp\/v2\/posts\/30592\/revisions"}],"wp:attachment":[{"href":"https:\/\/www.redenoticia.com.br\/noticia\/wp-json\/wp\/v2\/media?parent=30592"}],"wp:term":[{"taxonomy":"category","embeddable":true,"href":"https:\/\/www.redenoticia.com.br\/noticia\/wp-json\/wp\/v2\/categories?post=30592"},{"taxonomy":"post_tag","embeddable":true,"href":"https:\/\/www.redenoticia.com.br\/noticia\/wp-json\/wp\/v2\/tags?post=30592"}],"curies":[{"name":"wp","href":"https:\/\/api.w.org\/{rel}","templated":true}]}}