{"id":30588,"date":"2010-08-04T10:14:44","date_gmt":"2010-08-04T14:14:44","guid":{"rendered":"http:\/\/www.redenoticia.com.br\/noticia\/?p=30588"},"modified":"2010-08-04T10:14:44","modified_gmt":"2010-08-04T14:14:44","slug":"copa-2014-recife-investe-na-construcao-de-novo-estadio","status":"publish","type":"post","link":"https:\/\/www.redenoticia.com.br\/noticia\/2010\/copa-2014-recife-investe-na-construcao-de-novo-estadio\/30588","title":{"rendered":"Copa 2014: Recife investe na constru\u00e7\u00e3o de novo est\u00e1dio"},"content":{"rendered":"<p><img loading=\"lazy\" decoding=\"async\" class=\"alignleft size-full wp-image-30589\" title=\"estadio recife copa 2014\" src=\"https:\/\/www.redenoticia.com.br\/noticia\/imagens\/estadio-recife-copa-2014.jpg\" alt=\"\" width=\"300\" height=\"193\" srcset=\"https:\/\/www.redenoticia.com.br\/noticia\/imagens\/estadio-recife-copa-2014.jpg 300w, https:\/\/www.redenoticia.com.br\/noticia\/imagens\/estadio-recife-copa-2014-250x161.jpg 250w, https:\/\/www.redenoticia.com.br\/noticia\/imagens\/estadio-recife-copa-2014-150x97.jpg 150w\" sizes=\"auto, (max-width: 300px) 100vw, 300px\" \/>Para receber a <strong><em>Copa do Mundo de 2014<\/em><\/strong> em grande estilo, Recife contar\u00e1 com a  constru\u00e7\u00e3o do <strong><em>est\u00e1dio Arena Recife<\/em><\/strong>, localizado em S\u00e3o Louren\u00e7o da Mata,  munic\u00edpio na regi\u00e3o metropolitana em amplo desenvolvimento. Com capacidade para  46 mil lugares e com investimento estimado de R$ 450 milh\u00f5es, a previs\u00e3o de  entrega \u00e9 para o final de 2012. O est\u00e1dio destaca-se por contemplar, j\u00e1 na sua  concep\u00e7\u00e3o, todos os itens exigidos pela Fifa como visibilidade, conforto,  seguran\u00e7a e modernidade.<\/p>\n<p>\u201cO projeto foi desenvolvido para tornar o novo est\u00e1dio uma das refer\u00eancias do  pa\u00eds, seguindo os mais rigorosos padr\u00f5es internacionais para este tipo de  empreendimento\u201d, afirma o arquiteto Daniel Fernandes, respons\u00e1vel pelo projeto.  Com ampla experi\u00eancia na concep\u00e7\u00e3o de est\u00e1dios, Daniel Fernandes tem no  curr\u00edculo projetos de est\u00e1dios como da nova arena Ponte Preta, em Campinas,  Gr\u00eamio, em Porto Alegre, e tamb\u00e9m foi contratado como consultor t\u00e9cnico para o  novo projeto de reforma do Maracan\u00e3 (RJ).<\/p>\n<p>Na Arena Recife, o arquiteto explica que a visibilidade ser\u00e1 o grande  diferencial. \u201cEm Recife, a visibilidade ser\u00e1 priorizada para que todos os  torcedores tenham uma vis\u00e3o perfeita do campo, sem os conhecidos pontos-cegos.  Al\u00e9m disso, teremos camarotes e \u00e1reas Vips para proporcionar aos torcedores o  maior conforto poss\u00edvel\u201d, explica o arquiteto.<\/p>\n<p>Medidas socioambientais como o uso de energia solar, solu\u00e7\u00f5es de ventila\u00e7\u00e3o,  reaproveitamento de \u00e1gua, tratamento do esgoto e ilumina\u00e7\u00e3o natural tamb\u00e9m se  destacam no projeto. Nas cercanias do est\u00e1dio, ser\u00e1 implantada a Cidade da Copa,  empreendimento no qual devem ser constru\u00eddas 9 mil unidades habitacionais.<\/p>\n<p>Eventos p\u00f3s-Copa &#8211; Desde o in\u00edcio do projeto, a Arena Recife leva em  considera\u00e7\u00e3o o p\u00f3s-Copa, uma vez que o est\u00e1dio ter\u00e1 vida \u00fatil, com futuro  promissor em termos de neg\u00f3cios, ap\u00f3s a Copa de 2014. A proposta \u00e9 investir em  projetos futuros para o est\u00e1dio, que v\u00e3o al\u00e9m dos jogos de futebol,  disponibilizando uma infraestrutura para atender outros eventos depois da Copa,  como, por exemplo, shows de grande porte. Isso porque, a viabilidade da Arena  Recife deve-se \u00e0 iniciativa da Parceria P\u00fablico-Privada (PPP), que levar\u00e1  investimento privado com foco na rentabilidade e utiliza\u00e7\u00e3o do est\u00e1dio.<\/p>\n<p>Uma particularidade que o projeto apresenta \u00e9 o local escolhido para a  constru\u00e7\u00e3o da arena, S\u00e3o Louren\u00e7o da Mata, regi\u00e3o metropolitana ainda  desocupada, mas localizada em uma \u00e1rea de grande potencial de crescimento. O  empreendimento ter\u00e1 o papel de impulsionar o desenvolvimento da regi\u00e3o.<\/p>\n<p>Outro fator positivo \u00e9 que a Arena Recife ser\u00e1 constru\u00edda em uma \u00e1rea com  grande apelo natural, sem um entorno urbanizado. O conceito do projeto levou em  considera\u00e7\u00e3o a integra\u00e7\u00e3o com essa \u00e1rea natural e tamb\u00e9m sua rela\u00e7\u00e3o com a  futura ocupa\u00e7\u00e3o da cidade da Copa.<\/p>\n","protected":false},"excerpt":{"rendered":"<p>Para receber a Copa do Mundo de 2014 em grande estilo, Recife contar\u00e1 com a constru\u00e7\u00e3o do est\u00e1dio Arena Recife, localizado em S\u00e3o Louren\u00e7o da Mata, munic\u00edpio na regi\u00e3o metropolitana em amplo desenvolvimento. Com capacidade para 46 mil lugares e com investimento estimado de R$ 450 milh\u00f5es, a previs\u00e3o de entrega \u00e9 para o final [&hellip;]<\/p>\n","protected":false},"author":3,"featured_media":30589,"comment_status":"open","ping_status":"open","sticky":false,"template":"","format":"standard","meta":{"_genesis_hide_title":false,"_genesis_hide_breadcrumbs":false,"_genesis_hide_singular_image":false,"_genesis_hide_footer_widgets":false,"_genesis_custom_body_class":"","_genesis_custom_post_class":"","_genesis_layout":"","_jetpack_memberships_contains_paid_content":false,"footnotes":""},"categories":[22],"tags":[],"class_list":{"0":"post-30588","1":"post","2":"type-post","3":"status-publish","4":"format-standard","5":"has-post-thumbnail","7":"category-brasil","8":"entry","9":"gs-1","10":"gs-odd","11":"gs-even","12":"gs-featured-content-entry"},"jetpack_featured_media_url":"https:\/\/www.redenoticia.com.br\/noticia\/imagens\/estadio-recife-copa-2014.jpg","jetpack_sharing_enabled":true,"jetpack_likes_enabled":true,"_links":{"self":[{"href":"https:\/\/www.redenoticia.com.br\/noticia\/wp-json\/wp\/v2\/posts\/30588","targetHints":{"allow":["GET"]}}],"collection":[{"href":"https:\/\/www.redenoticia.com.br\/noticia\/wp-json\/wp\/v2\/posts"}],"about":[{"href":"https:\/\/www.redenoticia.com.br\/noticia\/wp-json\/wp\/v2\/types\/post"}],"author":[{"embeddable":true,"href":"https:\/\/www.redenoticia.com.br\/noticia\/wp-json\/wp\/v2\/users\/3"}],"replies":[{"embeddable":true,"href":"https:\/\/www.redenoticia.com.br\/noticia\/wp-json\/wp\/v2\/comments?post=30588"}],"version-history":[{"count":0,"href":"https:\/\/www.redenoticia.com.br\/noticia\/wp-json\/wp\/v2\/posts\/30588\/revisions"}],"wp:featuredmedia":[{"embeddable":true,"href":"https:\/\/www.redenoticia.com.br\/noticia\/wp-json\/wp\/v2\/media\/30589"}],"wp:attachment":[{"href":"https:\/\/www.redenoticia.com.br\/noticia\/wp-json\/wp\/v2\/media?parent=30588"}],"wp:term":[{"taxonomy":"category","embeddable":true,"href":"https:\/\/www.redenoticia.com.br\/noticia\/wp-json\/wp\/v2\/categories?post=30588"},{"taxonomy":"post_tag","embeddable":true,"href":"https:\/\/www.redenoticia.com.br\/noticia\/wp-json\/wp\/v2\/tags?post=30588"}],"curies":[{"name":"wp","href":"https:\/\/api.w.org\/{rel}","templated":true}]}}