{"id":30586,"date":"2010-08-04T09:54:42","date_gmt":"2010-08-04T13:54:42","guid":{"rendered":"http:\/\/www.redenoticia.com.br\/noticia\/?p=30586"},"modified":"2010-08-04T09:54:42","modified_gmt":"2010-08-04T13:54:42","slug":"cjf-aprova-r-67-bilhoes-para-a-justica-federal-em-2011","status":"publish","type":"post","link":"https:\/\/www.redenoticia.com.br\/noticia\/2010\/cjf-aprova-r-67-bilhoes-para-a-justica-federal-em-2011\/30586","title":{"rendered":"CJF aprova R$ 6,7 bilh\u00f5es para a Justi\u00e7a Federal em 2011"},"content":{"rendered":"<p>O Conselho da Justi\u00e7a Federal (CJF) aprovou nesta ter\u00e7a-feira (3) a <strong><em>proposta  or\u00e7ament\u00e1ria <\/em><\/strong>de 2011 para toda a <strong><em>Justi\u00e7a Federal<\/em><\/strong>, no valor de R$6.780.704.392,00  (seis bilh\u00f5es, setecentos e oitenta milh\u00f5es, setecentos e quatro mil e trezentos  e noventa e dois reais). O montante \u00e9 2,44% superior \u00e0 Lei Or\u00e7ament\u00e1ria de 2010.  A proposta foi aprovada por unanimidade na sess\u00e3o presidida pelo ministro Cesar  Asfor Rocha.<\/p>\n<p>De acordo com o relator da mat\u00e9ria, ministro Ari Pargendler, a proposta  observou os par\u00e2metros estabelecidos no PL 04\/2010 \u2013 PLDO 2011, que aguarda  san\u00e7\u00e3o do presidente da Rep\u00fablica.<\/p>\n<p>No valor total, est\u00e3o previstos:<\/p>\n<p>&#8211; R$ 5.731.544.943,00 para atender \u00e0s despesas com pessoal e encargos  sociais, bem como os benef\u00edcios assistenciais;<\/p>\n<p>&#8211; R$ 858.421.096,00 para as despesas com a manuten\u00e7\u00e3o das unidades da Justi\u00e7a  Federal, bem como as decorrentes da instala\u00e7\u00e3o das varas federais e assist\u00eancia  jur\u00eddica a pessoas carentes;<\/p>\n<p>&#8211; R$ 190.738.353,00 para projetos, contemplando, totalmente, as obras com  previs\u00e3o de t\u00e9rmino em 2011.<\/p>\n<p>O ministro Ari Pargendler esclareceu que, em rela\u00e7\u00e3o \u00e0s limita\u00e7\u00f5es da Lei de  Responsabilidade Fiscal referente a pessoal, os valores est\u00e3o compat\u00edveis com o  percentual da receita corrente l\u00edquida projetada para 2011.<\/p>\n<p>O relator informou, ainda, ter encaminhado \u00e0 Secretaria de Or\u00e7amento Federal  e \u00e0 Advocacia-Geral da Uni\u00e3o as rela\u00e7\u00f5es dos precat\u00f3rios dos \u00f3rg\u00e3os da  Administra\u00e7\u00e3o direta e indireta a serem inclu\u00eddos na proposta or\u00e7ament\u00e1ria de  2011, cujos valores originais das parcelas dos requisit\u00f3rios de natureza comum  dos exerc\u00edcios de 2002 a 2011 e os de natureza aliment\u00edcia do exerc\u00edcio de 2011  montam em R$ 6.860.628.797,27 (seis bilh\u00f5es, oitocentos e sessenta milh\u00f5es,  seiscentos e vinte e oito mil, setecentos e noventa e sete reais e vinte e sete  centavos). A proje\u00e7\u00e3o para as requisi\u00e7\u00f5es de pequeno valor (RPVs) inclu\u00edda na  proposta alcan\u00e7a o valor de R$ 5.544.619.368,00 (cinco bilh\u00f5es, quinhentos e  quarenta e quatro milh\u00f5es, seiscentos e dezenove mil e trezentos e sessenta e  oito reais). Foi projetado um montante de R$ 818.378.949,60 (oitocentos e  dezoito milh\u00f5es, trezentos e setenta e oito mil, novecentos e quarenta e nove  reais e sessenta centavos) para o atendimento de despesas com a contribui\u00e7\u00e3o  patronal da Uni\u00e3o ao PSS, sendo R$ 549.100.450,00 (quinhentos e quarenta e nove  milh\u00f5es, cem mil e quatrocentos e cinquenta reais) para precat\u00f3rios e R$  269.278.499,60 (duzentos e sessenta e nove milh\u00f5es, duzentos e setenta e oito  mil, quatrocentos e noventa e nove reais e sessenta centavos) para as RPVs.<\/p>\n","protected":false},"excerpt":{"rendered":"<p>O Conselho da Justi\u00e7a Federal (CJF) aprovou nesta ter\u00e7a-feira (3) a proposta or\u00e7ament\u00e1ria de 2011 para toda a Justi\u00e7a Federal, no valor de R$6.780.704.392,00 (seis bilh\u00f5es, setecentos e oitenta milh\u00f5es, setecentos e quatro mil e trezentos e noventa e dois reais). O montante \u00e9 2,44% superior \u00e0 Lei Or\u00e7ament\u00e1ria de 2010. A proposta foi aprovada [&hellip;]<\/p>\n","protected":false},"author":3,"featured_media":0,"comment_status":"open","ping_status":"open","sticky":false,"template":"","format":"standard","meta":{"_genesis_hide_title":false,"_genesis_hide_breadcrumbs":false,"_genesis_hide_singular_image":false,"_genesis_hide_footer_widgets":false,"_genesis_custom_body_class":"","_genesis_custom_post_class":"","_genesis_layout":"","_jetpack_memberships_contains_paid_content":false,"footnotes":""},"categories":[22,7],"tags":[],"class_list":{"0":"post-30586","1":"post","2":"type-post","3":"status-publish","4":"format-standard","6":"category-brasil","7":"category-economia","8":"entry","9":"gs-1","10":"gs-odd","11":"gs-even","12":"gs-featured-content-entry"},"jetpack_featured_media_url":"","jetpack_sharing_enabled":true,"jetpack_likes_enabled":true,"_links":{"self":[{"href":"https:\/\/www.redenoticia.com.br\/noticia\/wp-json\/wp\/v2\/posts\/30586","targetHints":{"allow":["GET"]}}],"collection":[{"href":"https:\/\/www.redenoticia.com.br\/noticia\/wp-json\/wp\/v2\/posts"}],"about":[{"href":"https:\/\/www.redenoticia.com.br\/noticia\/wp-json\/wp\/v2\/types\/post"}],"author":[{"embeddable":true,"href":"https:\/\/www.redenoticia.com.br\/noticia\/wp-json\/wp\/v2\/users\/3"}],"replies":[{"embeddable":true,"href":"https:\/\/www.redenoticia.com.br\/noticia\/wp-json\/wp\/v2\/comments?post=30586"}],"version-history":[{"count":0,"href":"https:\/\/www.redenoticia.com.br\/noticia\/wp-json\/wp\/v2\/posts\/30586\/revisions"}],"wp:attachment":[{"href":"https:\/\/www.redenoticia.com.br\/noticia\/wp-json\/wp\/v2\/media?parent=30586"}],"wp:term":[{"taxonomy":"category","embeddable":true,"href":"https:\/\/www.redenoticia.com.br\/noticia\/wp-json\/wp\/v2\/categories?post=30586"},{"taxonomy":"post_tag","embeddable":true,"href":"https:\/\/www.redenoticia.com.br\/noticia\/wp-json\/wp\/v2\/tags?post=30586"}],"curies":[{"name":"wp","href":"https:\/\/api.w.org\/{rel}","templated":true}]}}