{"id":30451,"date":"2010-07-26T16:58:44","date_gmt":"2010-07-26T20:58:44","guid":{"rendered":"http:\/\/www.redenoticia.com.br\/noticia\/?p=30451"},"modified":"2010-07-26T16:58:44","modified_gmt":"2010-07-26T20:58:44","slug":"cursos-de-mestrado-e-doutorado-passam-por-avaliacao-trienal","status":"publish","type":"post","link":"https:\/\/www.redenoticia.com.br\/noticia\/2010\/cursos-de-mestrado-e-doutorado-passam-por-avaliacao-trienal\/30451","title":{"rendered":"Cursos de mestrado e doutorado passam por avalia\u00e7\u00e3o trienal"},"content":{"rendered":"<p>Est\u00e3o reunidas, nesta semana, dez comiss\u00f5es para avaliar os <strong><em>cursos de mestrado<\/em><\/strong> acad\u00eamico, mestrado profissional e <strong><em>doutorado <\/em><\/strong>de filosofia e teologia; sociologia; antropologia e arqueologia; geografia; hist\u00f3ria; psicologia; educa\u00e7\u00e3o; ci\u00eancia pol\u00edticas e rela\u00e7\u00f5es internacionais; ci\u00eancias agr\u00e1rias e ci\u00eancias de alimentos.<\/p>\n<p>Na abertura do evento, o presidente da Capes, Jorge Almeida Guimar\u00e3es, disse que a avalia\u00e7\u00e3o trienal, reconhecida por sua tradi\u00e7\u00e3o, transpar\u00eancia e seriedade, \u00e9 realizada com base no universal sistema de avalia\u00e7\u00e3o por pares. \u201c\u00c9 um processo preparado ao longo dos tr\u00eas anos que antecedem o exerc\u00edcio da trienal e implica in\u00fameras reuni\u00f5es e discuss\u00f5es com os coordenadores de \u00e1reas e consultores, sem interfer\u00eancia impositiva da Capes. A avalia\u00e7\u00e3o \u00e9 feita totalmente pelos pares.\u201d<\/p>\n<p>Na ocasi\u00e3o, o diretor de avalia\u00e7\u00e3o da Capes, Livio Amaral, apresentou a equipe da diretoria que dar\u00e1 apoio aos consultores e detalhou todos os procedimentos que ser\u00e3o realizados ao longo da semana.<\/p>\n<p>As atividades da avalia\u00e7\u00e3o trienal v\u00e3o at\u00e9 14 de agosto e durante esse per\u00edodo, em cada semana, as comiss\u00f5es analisar\u00e3o o desempenho dos programas de p\u00f3s-gradua\u00e7\u00e3o. Cerca de 2.900 programas de p\u00f3s-gradua\u00e7\u00e3o (4.300 cursos) de todo o pa\u00eds ser\u00e3o avaliados por aproximadamente 900 consultores.<\/p>\n<p>Os resultados da avalia\u00e7\u00e3o trienal dever\u00e3o ser divulgados no dia 13 de setembro e fornecer\u00e3o subs\u00eddios para a defini\u00e7\u00e3o de planos e programas governamentais de desenvolvimento e investimentos no Sistema Nacional de P\u00f3s-Gradua\u00e7\u00e3o.<\/p>\n<p>Na primeira semana, de 19 a 23 de julho, estiveram reunidos 214 consultores das comiss\u00f5es das \u00e1reas medicina I, II e III, odontologia, farm\u00e1cia, enfermagem, educa\u00e7\u00e3o f\u00edsica, matem\u00e1tica, probabilidade e estat\u00edstica, ci\u00eancia da computa\u00e7\u00e3o, astronomia e f\u00edsica, qu\u00edmica, geoci\u00eancias e medicina veterin\u00e1ria.<\/p>\n<p>Conceitos \u2013 A avalia\u00e7\u00e3o da p\u00f3s-gradua\u00e7\u00e3o stricto sensu, criada em 1976, \u00e9 um instrumento de grande import\u00e2ncia para o fomento, tanto por parte das ag\u00eancias brasileiras, como dos organismos internacionais.<\/p>\n<p>Os programas recebem conceitos na seguinte escala: 1 e 2, que reprovam o programa; 3, que significa desempenho regular, atendendo ao padr\u00e3o m\u00ednimo de qualidade; 4 \u00e9 considerado um bom desempenho, e 5 \u00e9 a nota m\u00e1xima para programas com apenas mestrado. Conceitos 6 e 7 indicam desempenho equivalente ao alto padr\u00e3o internacional.<\/p>\n<p>Os cursos que n\u00e3o possuem a recomenda\u00e7\u00e3o da Capes n\u00e3o s\u00e3o autorizados pelo MEC e, por este motivo, n\u00e3o podem conceder certificados de mestre e doutor.<\/p>\n<p>Assessoria de Comunica\u00e7\u00e3o Social da Capes<\/p>\n","protected":false},"excerpt":{"rendered":"<p>Est\u00e3o reunidas, nesta semana, dez comiss\u00f5es para avaliar os cursos de mestrado acad\u00eamico, mestrado profissional e doutorado de filosofia e teologia; sociologia; antropologia e arqueologia; geografia; hist\u00f3ria; psicologia; educa\u00e7\u00e3o; ci\u00eancia pol\u00edticas e rela\u00e7\u00f5es internacionais; ci\u00eancias agr\u00e1rias e ci\u00eancias de alimentos. Na abertura do evento, o presidente da Capes, Jorge Almeida Guimar\u00e3es, disse que a avalia\u00e7\u00e3o [&hellip;]<\/p>\n","protected":false},"author":3,"featured_media":0,"comment_status":"open","ping_status":"open","sticky":false,"template":"","format":"standard","meta":{"_genesis_hide_title":false,"_genesis_hide_breadcrumbs":false,"_genesis_hide_singular_image":false,"_genesis_hide_footer_widgets":false,"_genesis_custom_body_class":"","_genesis_custom_post_class":"","_genesis_layout":"","_jetpack_memberships_contains_paid_content":false,"footnotes":""},"categories":[22],"tags":[],"class_list":{"0":"post-30451","1":"post","2":"type-post","3":"status-publish","4":"format-standard","6":"category-brasil","7":"entry","8":"gs-1","9":"gs-odd","10":"gs-even","11":"gs-featured-content-entry"},"jetpack_featured_media_url":"","jetpack_sharing_enabled":true,"jetpack_likes_enabled":true,"_links":{"self":[{"href":"https:\/\/www.redenoticia.com.br\/noticia\/wp-json\/wp\/v2\/posts\/30451","targetHints":{"allow":["GET"]}}],"collection":[{"href":"https:\/\/www.redenoticia.com.br\/noticia\/wp-json\/wp\/v2\/posts"}],"about":[{"href":"https:\/\/www.redenoticia.com.br\/noticia\/wp-json\/wp\/v2\/types\/post"}],"author":[{"embeddable":true,"href":"https:\/\/www.redenoticia.com.br\/noticia\/wp-json\/wp\/v2\/users\/3"}],"replies":[{"embeddable":true,"href":"https:\/\/www.redenoticia.com.br\/noticia\/wp-json\/wp\/v2\/comments?post=30451"}],"version-history":[{"count":0,"href":"https:\/\/www.redenoticia.com.br\/noticia\/wp-json\/wp\/v2\/posts\/30451\/revisions"}],"wp:attachment":[{"href":"https:\/\/www.redenoticia.com.br\/noticia\/wp-json\/wp\/v2\/media?parent=30451"}],"wp:term":[{"taxonomy":"category","embeddable":true,"href":"https:\/\/www.redenoticia.com.br\/noticia\/wp-json\/wp\/v2\/categories?post=30451"},{"taxonomy":"post_tag","embeddable":true,"href":"https:\/\/www.redenoticia.com.br\/noticia\/wp-json\/wp\/v2\/tags?post=30451"}],"curies":[{"name":"wp","href":"https:\/\/api.w.org\/{rel}","templated":true}]}}