{"id":30434,"date":"2010-07-26T11:12:53","date_gmt":"2010-07-26T15:12:53","guid":{"rendered":"http:\/\/www.redenoticia.com.br\/noticia\/?p=30434"},"modified":"2010-07-26T11:39:40","modified_gmt":"2010-07-26T15:39:40","slug":"creche-municipal-de-educacao-infantil-entregue-a-populacao-do-distrito-de-nova-colina","status":"publish","type":"post","link":"https:\/\/www.redenoticia.com.br\/noticia\/2010\/creche-municipal-de-educacao-infantil-entregue-a-populacao-do-distrito-de-nova-colina\/30434","title":{"rendered":"Ji-Paran\u00e1 inaugura creche em Nova Colina"},"content":{"rendered":"<p><span style=\"font-family: Calibri; font-size: small;\"><img loading=\"lazy\" decoding=\"async\" class=\"alignleft size-full wp-image-30435\" title=\"Inauguracao creche Nova Colina - RO\" src=\"https:\/\/www.redenoticia.com.br\/noticia\/imagens\/Inauguracao-creche-Nova-Colina-RO.jpg\" alt=\"\" width=\"300\" height=\"200\" srcset=\"https:\/\/www.redenoticia.com.br\/noticia\/imagens\/Inauguracao-creche-Nova-Colina-RO.jpg 300w, https:\/\/www.redenoticia.com.br\/noticia\/imagens\/Inauguracao-creche-Nova-Colina-RO-250x167.jpg 250w, https:\/\/www.redenoticia.com.br\/noticia\/imagens\/Inauguracao-creche-Nova-Colina-RO-150x100.jpg 150w\" sizes=\"auto, (max-width: 300px) 100vw, 300px\" \/>O distrito de Nova Colina comemorou neste final de semana seu 1\u00b0 anivers\u00e1rio com uma extensa programa\u00e7\u00e3o para os moradores daquela regi\u00e3o. O ponto auge da festa foi \u00e0 entrega do Centro Municipal de Educa\u00e7\u00e3o Infantil Pedro Gon\u00e7alves, uma antiga reivindica\u00e7\u00e3o da comunidade. O Governo do Estado cedeu o local e a Semed adquiriu todos os equipamentos, tamb\u00e9m disponibilizar\u00e1 os professores e a merenda.<\/span><\/p>\n<p><span style=\"font-family: Calibri; font-size: small;\">Para o Secret\u00e1rio Vanderlei Nunes, a creche \u00e9 mais uma conquista da secretaria de educa\u00e7\u00e3o e principalmente moradores do distrito de Nova Colina. \u201cEsse \u00e9 um sinal que o distrito est\u00e1 crescendo e a educa\u00e7\u00e3o do munic\u00edpio sempre estar\u00e1 presente\u201d, concluiu Vanderlei.<\/span><\/p>\n<p><span style=\"font-family: Calibri; font-size: small;\">A creche funcionar\u00e1 na Escola Estadual de Educa\u00e7\u00e3o Fundamental e M\u00e9dia (EEFM), Tup\u00e3, e atender\u00e1 50 crian\u00e7as, nos per\u00edodos da manh\u00e3 e tarde. J\u00e1 foram disponibilizadas tr\u00eas servidoras da educa\u00e7\u00e3o: professora, psic\u00f3loga e zeladora. O in\u00edcio das aulas est\u00e1 marcado para o pr\u00f3ximo dia 2 de agosto.<\/span><\/p>\n","protected":false},"excerpt":{"rendered":"<p>O distrito de Nova Colina comemorou neste final de semana seu 1\u00b0 anivers\u00e1rio com uma extensa programa\u00e7\u00e3o para os moradores daquela regi\u00e3o. O ponto auge da festa foi \u00e0 entrega do Centro Municipal de Educa\u00e7\u00e3o Infantil Pedro Gon\u00e7alves, uma antiga reivindica\u00e7\u00e3o da comunidade. O Governo do Estado cedeu o local e a Semed adquiriu todos [&hellip;]<\/p>\n","protected":false},"author":2,"featured_media":30435,"comment_status":"open","ping_status":"open","sticky":false,"template":"","format":"standard","meta":{"_genesis_hide_title":false,"_genesis_hide_breadcrumbs":false,"_genesis_hide_singular_image":false,"_genesis_hide_footer_widgets":false,"_genesis_custom_body_class":"","_genesis_custom_post_class":"","_genesis_layout":"","_jetpack_memberships_contains_paid_content":false,"footnotes":""},"categories":[388],"tags":[],"class_list":{"0":"post-30434","1":"post","2":"type-post","3":"status-publish","4":"format-standard","5":"has-post-thumbnail","7":"category-destaques","8":"entry","9":"gs-1","10":"gs-odd","11":"gs-even","12":"gs-featured-content-entry"},"jetpack_featured_media_url":"https:\/\/www.redenoticia.com.br\/noticia\/imagens\/Inauguracao-creche-Nova-Colina-RO.jpg","jetpack_sharing_enabled":true,"jetpack_likes_enabled":true,"_links":{"self":[{"href":"https:\/\/www.redenoticia.com.br\/noticia\/wp-json\/wp\/v2\/posts\/30434","targetHints":{"allow":["GET"]}}],"collection":[{"href":"https:\/\/www.redenoticia.com.br\/noticia\/wp-json\/wp\/v2\/posts"}],"about":[{"href":"https:\/\/www.redenoticia.com.br\/noticia\/wp-json\/wp\/v2\/types\/post"}],"author":[{"embeddable":true,"href":"https:\/\/www.redenoticia.com.br\/noticia\/wp-json\/wp\/v2\/users\/2"}],"replies":[{"embeddable":true,"href":"https:\/\/www.redenoticia.com.br\/noticia\/wp-json\/wp\/v2\/comments?post=30434"}],"version-history":[{"count":0,"href":"https:\/\/www.redenoticia.com.br\/noticia\/wp-json\/wp\/v2\/posts\/30434\/revisions"}],"wp:featuredmedia":[{"embeddable":true,"href":"https:\/\/www.redenoticia.com.br\/noticia\/wp-json\/wp\/v2\/media\/30435"}],"wp:attachment":[{"href":"https:\/\/www.redenoticia.com.br\/noticia\/wp-json\/wp\/v2\/media?parent=30434"}],"wp:term":[{"taxonomy":"category","embeddable":true,"href":"https:\/\/www.redenoticia.com.br\/noticia\/wp-json\/wp\/v2\/categories?post=30434"},{"taxonomy":"post_tag","embeddable":true,"href":"https:\/\/www.redenoticia.com.br\/noticia\/wp-json\/wp\/v2\/tags?post=30434"}],"curies":[{"name":"wp","href":"https:\/\/api.w.org\/{rel}","templated":true}]}}