{"id":30415,"date":"2010-07-23T15:47:47","date_gmt":"2010-07-23T19:47:47","guid":{"rendered":"http:\/\/www.redenoticia.com.br\/noticia\/?p=30415"},"modified":"2010-07-23T15:47:47","modified_gmt":"2010-07-23T19:47:47","slug":"pensao-alimenticia-devedor-pode-ser-incluso-no-spcserasa","status":"publish","type":"post","link":"https:\/\/www.redenoticia.com.br\/noticia\/2010\/pensao-alimenticia-devedor-pode-ser-incluso-no-spcserasa\/30415","title":{"rendered":"Pens\u00e3o Aliment\u00edcia &#8211; devedor pode ser incluso no SPC\/Serasa"},"content":{"rendered":"<p>No in\u00edcio de julho, um ac\u00f3rd\u00e3o do Tribunal de Justi\u00e7a de S\u00e3o Paulo determinou  a inscri\u00e7\u00e3o no <strong><em>SPC\/Serasa<\/em><\/strong> (Servi\u00e7o de Prote\u00e7\u00e3o ao Cr\u00e9dito) do nome de um <strong><em>pai<\/em><\/strong> inadimplente com sua obriga\u00e7\u00e3o de <strong><em>pens\u00e3o aliment\u00edcia<\/em><\/strong> aos filhos. A retirada do  nome s\u00f3 \u00e9 poss\u00edvel ap\u00f3s o pagamento da d\u00edvida.<\/p>\n<p>A decis\u00e3o foi a primeira obtida pela Defensora P\u00fablica Claudia Tannuri em  segunda inst\u00e2ncia, em processo que corre sob segredo de justi\u00e7a. Cerca de 40  decis\u00f5es liminares de primeiro grau com o mesmo teor foram obtidas desde o  in\u00edcio de 2010, quando Cl\u00e1udia come\u00e7ou a incluir o pedido de restri\u00e7\u00e3o ao  cr\u00e9dito em processos de execu\u00e7\u00e3o de d\u00edvidas aliment\u00edcias. \u201cPais que atrasem a  pens\u00e3o de alimentos em um m\u00eas j\u00e1 podem ter seu nome inscrito\u201d, afirmou.<\/p>\n<p>Para a Defensora, a medida contribui em casos nos quais o pai recebe sua  renda pela economia informal (o que impede o desconto em folha) ou naqueles em  que a inadimpl\u00eancia n\u00e3o gera recolhimento \u00e0 pris\u00e3o \u2013 seja porque o pai est\u00e1  foragido, seja porque o prazo de pris\u00e3o j\u00e1 foi cumprido.<\/p>\n<p>Cl\u00e1udia explica que as decis\u00f5es demonstram que os ju\u00edzes podem determinar  medidas n\u00e3o expressamente previstas em lei. \u201cTemos mais um meio para for\u00e7ar  esses devedores a pagar. E nada disso impede que o pai seja preso ou tenha seus  bens penhorados\u201d, diz.<\/p>\n","protected":false},"excerpt":{"rendered":"<p>No in\u00edcio de julho, um ac\u00f3rd\u00e3o do Tribunal de Justi\u00e7a de S\u00e3o Paulo determinou a inscri\u00e7\u00e3o no SPC\/Serasa (Servi\u00e7o de Prote\u00e7\u00e3o ao Cr\u00e9dito) do nome de um pai inadimplente com sua obriga\u00e7\u00e3o de pens\u00e3o aliment\u00edcia aos filhos. A retirada do nome s\u00f3 \u00e9 poss\u00edvel ap\u00f3s o pagamento da d\u00edvida. A decis\u00e3o foi a primeira obtida [&hellip;]<\/p>\n","protected":false},"author":3,"featured_media":0,"comment_status":"open","ping_status":"open","sticky":false,"template":"","format":"standard","meta":{"_genesis_hide_title":false,"_genesis_hide_breadcrumbs":false,"_genesis_hide_singular_image":false,"_genesis_hide_footer_widgets":false,"_genesis_custom_body_class":"","_genesis_custom_post_class":"","_genesis_layout":"","_jetpack_memberships_contains_paid_content":false,"footnotes":""},"categories":[22],"tags":[],"class_list":{"0":"post-30415","1":"post","2":"type-post","3":"status-publish","4":"format-standard","6":"category-brasil","7":"entry","8":"gs-1","9":"gs-odd","10":"gs-even","11":"gs-featured-content-entry"},"jetpack_featured_media_url":"","jetpack_sharing_enabled":true,"jetpack_likes_enabled":true,"_links":{"self":[{"href":"https:\/\/www.redenoticia.com.br\/noticia\/wp-json\/wp\/v2\/posts\/30415","targetHints":{"allow":["GET"]}}],"collection":[{"href":"https:\/\/www.redenoticia.com.br\/noticia\/wp-json\/wp\/v2\/posts"}],"about":[{"href":"https:\/\/www.redenoticia.com.br\/noticia\/wp-json\/wp\/v2\/types\/post"}],"author":[{"embeddable":true,"href":"https:\/\/www.redenoticia.com.br\/noticia\/wp-json\/wp\/v2\/users\/3"}],"replies":[{"embeddable":true,"href":"https:\/\/www.redenoticia.com.br\/noticia\/wp-json\/wp\/v2\/comments?post=30415"}],"version-history":[{"count":0,"href":"https:\/\/www.redenoticia.com.br\/noticia\/wp-json\/wp\/v2\/posts\/30415\/revisions"}],"wp:attachment":[{"href":"https:\/\/www.redenoticia.com.br\/noticia\/wp-json\/wp\/v2\/media?parent=30415"}],"wp:term":[{"taxonomy":"category","embeddable":true,"href":"https:\/\/www.redenoticia.com.br\/noticia\/wp-json\/wp\/v2\/categories?post=30415"},{"taxonomy":"post_tag","embeddable":true,"href":"https:\/\/www.redenoticia.com.br\/noticia\/wp-json\/wp\/v2\/tags?post=30415"}],"curies":[{"name":"wp","href":"https:\/\/api.w.org\/{rel}","templated":true}]}}