{"id":3038,"date":"2009-06-17T10:57:25","date_gmt":"2009-06-17T14:57:25","guid":{"rendered":"http:\/\/www.redenoticia.com.br\/noticia\/?p=3038"},"modified":"2009-06-17T19:43:53","modified_gmt":"2009-06-17T23:43:53","slug":"arraial-universitario-hoje-em-ji-parana","status":"publish","type":"post","link":"https:\/\/www.redenoticia.com.br\/noticia\/2009\/arraial-universitario-hoje-em-ji-parana\/3038","title":{"rendered":"Arraial universit\u00e1rio hoje em Ji-Paran\u00e1"},"content":{"rendered":"<p>Os alunos do curso de agronomia e administra\u00e7\u00e3o do CEULJI ULBRA promover\u00e3o nesta quarta feira (17 de junho) um arrai\u00e1 no club do POSTO VIT\u00d3RIA do Dois de Abril, com entrada franca.<\/p>\n<p>Todos os preparativos e a decora\u00e7\u00e3o j\u00e1 est\u00e3o prontos e, \u00e0 partir da 19h, os acad\u00eamicos estar\u00e3o vendendo comidas tipicas e muitos produtos derivados do milho.<\/p>\n<p>O evento ser\u00e1 animado pela banda Impacto Sertanejo, que promete marcar a festa universit\u00e1ria.<\/p>\n<p>Nayara Gramilick<\/p>\n","protected":false},"excerpt":{"rendered":"<p>Os alunos do curso de agronomia e administra\u00e7\u00e3o do CEULJI ULBRA promover\u00e3o nesta quarta feira (17 de junho) um arrai\u00e1 no club do POSTO VIT\u00d3RIA do Dois de Abril, com entrada franca. Todos os preparativos e a decora\u00e7\u00e3o j\u00e1 est\u00e3o prontos e, \u00e0 partir da 19h, os acad\u00eamicos estar\u00e3o vendendo comidas tipicas e muitos produtos [&hellip;]<\/p>\n","protected":false},"author":3,"featured_media":0,"comment_status":"open","ping_status":"open","sticky":false,"template":"","format":"standard","meta":{"_genesis_hide_title":false,"_genesis_hide_breadcrumbs":false,"_genesis_hide_singular_image":false,"_genesis_hide_footer_widgets":false,"_genesis_custom_body_class":"","_genesis_custom_post_class":"","_genesis_layout":"","_jetpack_memberships_contains_paid_content":false,"footnotes":""},"categories":[22],"tags":[],"class_list":{"0":"post-3038","1":"post","2":"type-post","3":"status-publish","4":"format-standard","6":"category-brasil","7":"entry","8":"gs-1","9":"gs-odd","10":"gs-even","11":"gs-featured-content-entry"},"jetpack_featured_media_url":"","jetpack_sharing_enabled":true,"jetpack_likes_enabled":true,"_links":{"self":[{"href":"https:\/\/www.redenoticia.com.br\/noticia\/wp-json\/wp\/v2\/posts\/3038","targetHints":{"allow":["GET"]}}],"collection":[{"href":"https:\/\/www.redenoticia.com.br\/noticia\/wp-json\/wp\/v2\/posts"}],"about":[{"href":"https:\/\/www.redenoticia.com.br\/noticia\/wp-json\/wp\/v2\/types\/post"}],"author":[{"embeddable":true,"href":"https:\/\/www.redenoticia.com.br\/noticia\/wp-json\/wp\/v2\/users\/3"}],"replies":[{"embeddable":true,"href":"https:\/\/www.redenoticia.com.br\/noticia\/wp-json\/wp\/v2\/comments?post=3038"}],"version-history":[{"count":0,"href":"https:\/\/www.redenoticia.com.br\/noticia\/wp-json\/wp\/v2\/posts\/3038\/revisions"}],"wp:attachment":[{"href":"https:\/\/www.redenoticia.com.br\/noticia\/wp-json\/wp\/v2\/media?parent=3038"}],"wp:term":[{"taxonomy":"category","embeddable":true,"href":"https:\/\/www.redenoticia.com.br\/noticia\/wp-json\/wp\/v2\/categories?post=3038"},{"taxonomy":"post_tag","embeddable":true,"href":"https:\/\/www.redenoticia.com.br\/noticia\/wp-json\/wp\/v2\/tags?post=3038"}],"curies":[{"name":"wp","href":"https:\/\/api.w.org\/{rel}","templated":true}]}}