{"id":3036,"date":"2009-06-17T10:47:19","date_gmt":"2009-06-17T14:47:19","guid":{"rendered":"http:\/\/www.redenoticia.com.br\/noticia\/?p=3036"},"modified":"2009-06-17T11:41:49","modified_gmt":"2009-06-17T15:41:49","slug":"enquanto-recorre-expedito-junior-de-rondonia-corre-com-mototaxi","status":"publish","type":"post","link":"https:\/\/www.redenoticia.com.br\/noticia\/2009\/enquanto-recorre-expedito-junior-de-rondonia-corre-com-mototaxi\/3036","title":{"rendered":"Enquanto recorre Expedito J\u00fanior de Rond\u00f4nia corre com motot\u00e1xi"},"content":{"rendered":"<p>Frente \u00e0 decis\u00e3o do Tribunal Superior Eleitoral (TSE) de rejeitar recurso apresentado pela defesa do senador Expedito J\u00fanior (PR-RO) contra a cassa\u00e7\u00e3o de seu mandato, o parlamentar dever\u00e1 se reunir ainda hoje com seus advogados, para examinar a possibilidade de recurso junto ao Supremo Tribunal Federal (STF). A declara\u00e7\u00e3o foi dada por Expedito J\u00fanior em entrevista \u00e0 R\u00e1dio Senado.<\/p>\n<p>&#8211; Eu respeito a decis\u00e3o do Tribunal Superior Eleitoral, mas vou fazer ainda hoje uma reuni\u00e3o com meus advogados. A pretens\u00e3o realmente ainda \u00e9 de recorrer ao Supremo, mas n\u00f3s vamos decidir isso ainda hoje, com nossos advogados.<\/p>\n<p>Estudando a possibilidade do recurso, o parlamentar disse que participa, tamb\u00e9m nesta quarta-feira (17), da reuni\u00e3o em que a Comiss\u00e3o de Assuntos Sociais (CAS) vota substitutivo da C\u00e2mara a projeto que regulamenta a profiss\u00e3o de mototaxista e de motoboy.<\/p>\n<p>&#8211; Hoje, n\u00f3s inclusive estamos votando algumas mat\u00e9rias, principalmente na CAS, que \u00e9 de import\u00e2ncia, que \u00e9 a regulamenta\u00e7\u00e3o do motot\u00e1xi, e em seguida vou estar me reunindo novamente com nossos advogados &#8211; disse o parlamentar.<\/p>\n<p>O TSE negou recurso do senador contra decis\u00e3o anterior do Tribunal Regional Eleitoral de Rond\u00f4nia, que havia cassado o diploma de Expedito, sob a acusa\u00e7\u00e3o de compra de votos e abuso de poder econ\u00f4mico nas elei\u00e7\u00f5es de 2006.<\/p>\n<p>Ag\u00eancia Senado<\/p>\n","protected":false},"excerpt":{"rendered":"<p>Frente \u00e0 decis\u00e3o do Tribunal Superior Eleitoral (TSE) de rejeitar recurso apresentado pela defesa do senador Expedito J\u00fanior (PR-RO) contra a cassa\u00e7\u00e3o de seu mandato, o parlamentar dever\u00e1 se reunir ainda hoje com seus advogados, para examinar a possibilidade de recurso junto ao Supremo Tribunal Federal (STF). A declara\u00e7\u00e3o foi dada por Expedito J\u00fanior em [&hellip;]<\/p>\n","protected":false},"author":3,"featured_media":0,"comment_status":"open","ping_status":"open","sticky":false,"template":"","format":"standard","meta":{"_genesis_hide_title":false,"_genesis_hide_breadcrumbs":false,"_genesis_hide_singular_image":false,"_genesis_hide_footer_widgets":false,"_genesis_custom_body_class":"","_genesis_custom_post_class":"","_genesis_layout":"","_jetpack_memberships_contains_paid_content":false,"footnotes":""},"categories":[22],"tags":[],"class_list":{"0":"post-3036","1":"post","2":"type-post","3":"status-publish","4":"format-standard","6":"category-brasil","7":"entry","8":"gs-1","9":"gs-odd","10":"gs-even","11":"gs-featured-content-entry"},"jetpack_featured_media_url":"","jetpack_sharing_enabled":true,"jetpack_likes_enabled":true,"_links":{"self":[{"href":"https:\/\/www.redenoticia.com.br\/noticia\/wp-json\/wp\/v2\/posts\/3036","targetHints":{"allow":["GET"]}}],"collection":[{"href":"https:\/\/www.redenoticia.com.br\/noticia\/wp-json\/wp\/v2\/posts"}],"about":[{"href":"https:\/\/www.redenoticia.com.br\/noticia\/wp-json\/wp\/v2\/types\/post"}],"author":[{"embeddable":true,"href":"https:\/\/www.redenoticia.com.br\/noticia\/wp-json\/wp\/v2\/users\/3"}],"replies":[{"embeddable":true,"href":"https:\/\/www.redenoticia.com.br\/noticia\/wp-json\/wp\/v2\/comments?post=3036"}],"version-history":[{"count":0,"href":"https:\/\/www.redenoticia.com.br\/noticia\/wp-json\/wp\/v2\/posts\/3036\/revisions"}],"wp:attachment":[{"href":"https:\/\/www.redenoticia.com.br\/noticia\/wp-json\/wp\/v2\/media?parent=3036"}],"wp:term":[{"taxonomy":"category","embeddable":true,"href":"https:\/\/www.redenoticia.com.br\/noticia\/wp-json\/wp\/v2\/categories?post=3036"},{"taxonomy":"post_tag","embeddable":true,"href":"https:\/\/www.redenoticia.com.br\/noticia\/wp-json\/wp\/v2\/tags?post=3036"}],"curies":[{"name":"wp","href":"https:\/\/api.w.org\/{rel}","templated":true}]}}