{"id":30346,"date":"2010-07-21T11:32:20","date_gmt":"2010-07-21T15:32:20","guid":{"rendered":"http:\/\/www.redenoticia.com.br\/noticia\/?p=30346"},"modified":"2010-07-21T11:34:11","modified_gmt":"2010-07-21T15:34:11","slug":"previsao-de-ciclone-e-instabilidade-no-rs","status":"publish","type":"post","link":"https:\/\/www.redenoticia.com.br\/noticia\/2010\/previsao-de-ciclone-e-instabilidade-no-rs\/30346","title":{"rendered":"Previs\u00e3o de ciclone e instabilidade no RS"},"content":{"rendered":"<p><img loading=\"lazy\" decoding=\"async\" class=\"alignleft size-full wp-image-28409\" title=\"previsao do tempo e temperatura\" src=\"https:\/\/www.redenoticia.com.br\/noticia\/imagens\/previsao-do-tempo-e-temperatura.jpg\" alt=\"\" width=\"300\" height=\"193\" srcset=\"https:\/\/www.redenoticia.com.br\/noticia\/imagens\/previsao-do-tempo-e-temperatura.jpg 300w, https:\/\/www.redenoticia.com.br\/noticia\/imagens\/previsao-do-tempo-e-temperatura-250x160.jpg 250w, https:\/\/www.redenoticia.com.br\/noticia\/imagens\/previsao-do-tempo-e-temperatura-150x96.jpg 150w\" sizes=\"auto, (max-width: 300px) 100vw, 300px\" \/>A passagem de um ciclone extratropical pelo Sul do pa\u00eds nesta quarta-feira  causa chuvas fortes, rajadas de vento, trovoadas e queda de granizo  principalmente no Rio Grande do Sul e com menos intensidade no sul e oeste de  Santa Catarina e no sudoeste do Paran\u00e1. De acordo com os meteorologistas da  Somar, at\u00e9 o fim do dia o acumulado de chuva passa dos 45mm em grande parte do  estado ga\u00facho e as rajadas de vento que j\u00e1 chegaram a 50Km\/h no litoral norte  deve passar dos 100km\/h na metade norte do estado ao longo desta quarta-feira.  Em Santa Catarina e no Paran\u00e1 a previs\u00e3o indica mais ventos do que chuva, com  rajadas de at\u00e9 90km\/h no oeste catarinense e no sudoeste paranaense. Por conta  do tempo fechado e das chuvas, as temperaturas n\u00e3o sobem muito no Rio Grande do  Sul, com m\u00e1xima em torno dos 15\u00b0C na maior parte do estado. J\u00e1 na maior parte de  Santa Catarina e do Paran\u00e1, a tarde fica quente e os term\u00f4metros chegam aos 26\u00b0C  no extremo norte paranaense.<\/p>\n<p>Amanh\u00e3, as instabilidades associadas ao ciclone extratropical avan\u00e7am sobre  Santa Catarina e ainda atuam no norte do Rio Grande do Sul e sudoeste do Paran\u00e1.  Os temporais ficam mais concentrados no norte ga\u00facho e sul catarinense, onde  ainda podem ocorrer transtornos. De acordo com os meteorologistas da Somar, as  rajadas de vento mais intensas ocorrem no in\u00edcio do dia no nordeste ga\u00facho e  sudeste catarinense e perdem intensidade ao logo da quinta-feira. J\u00e1 na  fronteira do Rio Grande do Sul com o Uruguai o tempo come\u00e7a a firmar e uma nova  massa de ar polar faz com que as temperaturas entrem em decl\u00ednio, com m\u00ednima de  3\u00b0C e m\u00e1xima de apenas 11\u00b0C. No norte do Paran\u00e1 as temperaturas continuam  elevadas \u00e0 tarde e a m\u00e1xima passa dos 26\u00b0C.<\/p>\n<p>Na sexta feira as instabilidades enfraquecem um pouco e avan\u00e7am mais sobre  Paran\u00e1, atingindo a metade sul do Estado e tamb\u00e9m todo o Estado Catarinense. No  Rio Grande do Sul o c\u00e9u fica aberto na metade sul do Estado, com ocorr\u00eancia de  geada na fronteira com o Uruguai. Nas demais regi\u00f5es ga\u00fachas o c\u00e9u continua  coberto por nuvens, n\u00e3o permitindo que as temperaturas caiam tanto na madrugada,  mas no final do dia o tempo come\u00e7a a abrir e o avan\u00e7o da massar de ar polar  provoca queda da temperatura.<\/p>\n<p>No fim de semana um novo ciclone volta a atingir o Rio Grande do Sul,  trazendo chuvas e mais temporais, com rajadas de mais de 100km\/h em algumas  regi\u00f5es do estado no domingo. Em Santa Catarina as chuvas atingem o litoral no  s\u00e1bado e no sul no domingo. No Paran\u00e1, o fim de semana ser\u00e1 de tempo firme e o  sol aparece entre poucas nuvens, mantendo as temperaturas elevadas \u00e0 tarde.<\/p>\n","protected":false},"excerpt":{"rendered":"<p>A passagem de um ciclone extratropical pelo Sul do pa\u00eds nesta quarta-feira causa chuvas fortes, rajadas de vento, trovoadas e queda de granizo principalmente no Rio Grande do Sul e com menos intensidade no sul e oeste de Santa Catarina e no sudoeste do Paran\u00e1. De acordo com os meteorologistas da Somar, at\u00e9 o fim [&hellip;]<\/p>\n","protected":false},"author":3,"featured_media":28409,"comment_status":"open","ping_status":"open","sticky":false,"template":"","format":"standard","meta":{"_genesis_hide_title":false,"_genesis_hide_breadcrumbs":false,"_genesis_hide_singular_image":false,"_genesis_hide_footer_widgets":false,"_genesis_custom_body_class":"","_genesis_custom_post_class":"","_genesis_layout":"","_jetpack_memberships_contains_paid_content":false,"footnotes":""},"categories":[22,327],"tags":[],"class_list":{"0":"post-30346","1":"post","2":"type-post","3":"status-publish","4":"format-standard","5":"has-post-thumbnail","7":"category-brasil","8":"category-clima","9":"entry","10":"gs-1","11":"gs-odd","12":"gs-even","13":"gs-featured-content-entry"},"jetpack_featured_media_url":"https:\/\/www.redenoticia.com.br\/noticia\/imagens\/previsao-do-tempo-e-temperatura.jpg","jetpack_sharing_enabled":true,"jetpack_likes_enabled":true,"_links":{"self":[{"href":"https:\/\/www.redenoticia.com.br\/noticia\/wp-json\/wp\/v2\/posts\/30346","targetHints":{"allow":["GET"]}}],"collection":[{"href":"https:\/\/www.redenoticia.com.br\/noticia\/wp-json\/wp\/v2\/posts"}],"about":[{"href":"https:\/\/www.redenoticia.com.br\/noticia\/wp-json\/wp\/v2\/types\/post"}],"author":[{"embeddable":true,"href":"https:\/\/www.redenoticia.com.br\/noticia\/wp-json\/wp\/v2\/users\/3"}],"replies":[{"embeddable":true,"href":"https:\/\/www.redenoticia.com.br\/noticia\/wp-json\/wp\/v2\/comments?post=30346"}],"version-history":[{"count":0,"href":"https:\/\/www.redenoticia.com.br\/noticia\/wp-json\/wp\/v2\/posts\/30346\/revisions"}],"wp:featuredmedia":[{"embeddable":true,"href":"https:\/\/www.redenoticia.com.br\/noticia\/wp-json\/wp\/v2\/media\/28409"}],"wp:attachment":[{"href":"https:\/\/www.redenoticia.com.br\/noticia\/wp-json\/wp\/v2\/media?parent=30346"}],"wp:term":[{"taxonomy":"category","embeddable":true,"href":"https:\/\/www.redenoticia.com.br\/noticia\/wp-json\/wp\/v2\/categories?post=30346"},{"taxonomy":"post_tag","embeddable":true,"href":"https:\/\/www.redenoticia.com.br\/noticia\/wp-json\/wp\/v2\/tags?post=30346"}],"curies":[{"name":"wp","href":"https:\/\/api.w.org\/{rel}","templated":true}]}}