{"id":30309,"date":"2010-07-19T17:04:56","date_gmt":"2010-07-19T21:04:56","guid":{"rendered":"http:\/\/www.redenoticia.com.br\/noticia\/?p=30309"},"modified":"2010-07-19T17:04:56","modified_gmt":"2010-07-19T21:04:56","slug":"consumo-de-energia-aumenta-75-e-de-gas-238-em-sp","status":"publish","type":"post","link":"https:\/\/www.redenoticia.com.br\/noticia\/2010\/consumo-de-energia-aumenta-75-e-de-gas-238-em-sp\/30309","title":{"rendered":"Consumo de energia aumenta 7,5% e de g\u00e1s, 23,8% em SP"},"content":{"rendered":"<p>O <strong><em>consumo de energia el\u00e9trica e g\u00e1s<\/em><\/strong> do estado de S\u00e3o Paulo aumentou em junho,  em rela\u00e7\u00e3o ao do mesmo m\u00eas em 2009, de acordo com o Boletim Informativo da  Secretaria de Saneamento e Energia. A distribui\u00e7\u00e3o de energia el\u00e9trica atingiu,  no m\u00eas passado, o volume total de 10.245 GWh, acr\u00e9scimo de 7,5% em compara\u00e7\u00e3o  com o de junho de 2009 (9.532 GWh). J\u00e1 o g\u00e1s canalizado teve crescimento de  23,8%, num montante de 468.101 mil m\u00b3 em junho deste ano, apenas o setor de  cogera\u00e7\u00e3o apresentou queda (-0,9%). No primeiro semestre do ano, o consumo de  energia el\u00e9trica aumentou 6,9% diante do mesmo per\u00edodo de 2009.<\/p>\n<p>Na ind\u00fastria, respons\u00e1vel em junho por 44,6% do mercado paulista de energia  el\u00e9trica, o consumo no m\u00eas foi de 4.571 GWh, um aumento de 10,5% em rela\u00e7\u00e3o ao  do mesmo m\u00eas do ano passado. Em maio, o aumento tinha sido de 10,7%. No primeiro  semestre deste ano, o consumo de energia pela ind\u00fastria foi 9,6% acima de igual  per\u00edodo do ano passado.<\/p>\n<p>A classe residencial, com 27,3% do mercado paulista, teve um acr\u00e9scimo de  consumo em junho de 5,2%, atingindo 2.796 GWh. O setor comercial, que respondeu  em junho por 17,4% da energia distribu\u00edda no Estado de S\u00e3o Paulo, consumiu 1.784  GWh, aumento de 6,3% diante do consumo do mesmo m\u00eas de 2009.<\/p>\n<p>Os demais setores (rural, ilumina\u00e7\u00e3o p\u00fablica, poder p\u00fablico, servi\u00e7o p\u00fablico  e consumo pr\u00f3prio), que correspondem a 10,7% do total, consumiram em junho 1.094  GWh, um aumento de 3,5% diante do mesmo m\u00eas de 2009.<\/p>\n<p>No mercado de g\u00e1s canalizado no Estado de S\u00e3o Paulo, a expans\u00e3o do consumo  foi maior do que da energia, de 23,8% em junho (468,101 milh\u00f5es de m3) em  rela\u00e7\u00e3o ao mesmo m\u00eas do ano passado (378.261 milh\u00f5es de m3). A recupera\u00e7\u00e3o no  consumo de g\u00e1s canalizado (constitu\u00eddo em 100% de g\u00e1s natural) no Estado  mant\u00e9m-se deste o \u00faltimo trimestre de 2009. Em junho, cinco segmentos  aparentaram alta (industrial, residencial, comercial, automotivo e termogera\u00e7\u00e3o)  e apenas o de cogera\u00e7\u00e3o caiu (0,9%).<br \/>\nComo em abril e maio, a maior alta foi  do termogera\u00e7\u00e3o, respons\u00e1vel por 2,2% do mercado em junho: 570,3%, devido ao  retorno, observado desde mar\u00e7o, do uso do g\u00e1s natural em substitui\u00e7\u00e3o ao \u00f3leo  combust\u00edvel em fornos e caldeiras. O setor estava com o consumo de g\u00e1s quase  zerado. Em junho, a termogera\u00e7\u00e3o consumiu 10,356 milh\u00f5es de m3, ante 1,545  milh\u00e3o de m3 no mesmo m\u00eas de 2009.<\/p>\n<p>O setor industrial, respons\u00e1vel por 80,5% do mercado, consumiu em junho  376,689 milh\u00f5es de m3, alta de 24,2% diante do consumo do mesmo m\u00eas do ano  passado. O residencial (3,3% do mercado) consumiu 15,484 milh\u00f5es de m3, aumento  de 27,9% (em maio a alta do consumo tinha sido de 2,8%). Respons\u00e1vel por 2% do  mercado do Estado, o setor comercial teve um consumo de 9,429 milh\u00f5es de m3,  alta de 19,4% em rela\u00e7\u00e3o ao mesmo m\u00eas de 2009 (em maio, houve queda de 5,2%). O  setor automotivo (6,1% do mercado) consumiu em junho 28,463 milh\u00f5es de m3,  aumento de 11,6% (em maio apresentou queda de 10,8%) e o consumo do segmento de  cogera\u00e7\u00e3o (5,9% do mercado paulista no m\u00eas) caiu 0,9% (27,680 milh\u00f5es m3) em  rela\u00e7\u00e3o ao do mesmo m\u00eas de 2009.<br \/>\nOs n\u00fameros mensais e \u00edndices acumulados do  ano ficam dispon\u00edveis pela Secretaria de Saneamento e Energia no site  www.energia.sp.gov.br.<\/p>\n","protected":false},"excerpt":{"rendered":"<p>O consumo de energia el\u00e9trica e g\u00e1s do estado de S\u00e3o Paulo aumentou em junho, em rela\u00e7\u00e3o ao do mesmo m\u00eas em 2009, de acordo com o Boletim Informativo da Secretaria de Saneamento e Energia. A distribui\u00e7\u00e3o de energia el\u00e9trica atingiu, no m\u00eas passado, o volume total de 10.245 GWh, acr\u00e9scimo de 7,5% em compara\u00e7\u00e3o [&hellip;]<\/p>\n","protected":false},"author":3,"featured_media":0,"comment_status":"open","ping_status":"open","sticky":false,"template":"","format":"standard","meta":{"_genesis_hide_title":false,"_genesis_hide_breadcrumbs":false,"_genesis_hide_singular_image":false,"_genesis_hide_footer_widgets":false,"_genesis_custom_body_class":"","_genesis_custom_post_class":"","_genesis_layout":"","_jetpack_memberships_contains_paid_content":false,"footnotes":""},"categories":[22],"tags":[],"class_list":{"0":"post-30309","1":"post","2":"type-post","3":"status-publish","4":"format-standard","6":"category-brasil","7":"entry","8":"gs-1","9":"gs-odd","10":"gs-even","11":"gs-featured-content-entry"},"jetpack_featured_media_url":"","jetpack_sharing_enabled":true,"jetpack_likes_enabled":true,"_links":{"self":[{"href":"https:\/\/www.redenoticia.com.br\/noticia\/wp-json\/wp\/v2\/posts\/30309","targetHints":{"allow":["GET"]}}],"collection":[{"href":"https:\/\/www.redenoticia.com.br\/noticia\/wp-json\/wp\/v2\/posts"}],"about":[{"href":"https:\/\/www.redenoticia.com.br\/noticia\/wp-json\/wp\/v2\/types\/post"}],"author":[{"embeddable":true,"href":"https:\/\/www.redenoticia.com.br\/noticia\/wp-json\/wp\/v2\/users\/3"}],"replies":[{"embeddable":true,"href":"https:\/\/www.redenoticia.com.br\/noticia\/wp-json\/wp\/v2\/comments?post=30309"}],"version-history":[{"count":0,"href":"https:\/\/www.redenoticia.com.br\/noticia\/wp-json\/wp\/v2\/posts\/30309\/revisions"}],"wp:attachment":[{"href":"https:\/\/www.redenoticia.com.br\/noticia\/wp-json\/wp\/v2\/media?parent=30309"}],"wp:term":[{"taxonomy":"category","embeddable":true,"href":"https:\/\/www.redenoticia.com.br\/noticia\/wp-json\/wp\/v2\/categories?post=30309"},{"taxonomy":"post_tag","embeddable":true,"href":"https:\/\/www.redenoticia.com.br\/noticia\/wp-json\/wp\/v2\/tags?post=30309"}],"curies":[{"name":"wp","href":"https:\/\/api.w.org\/{rel}","templated":true}]}}