{"id":3030,"date":"2009-06-16T23:42:21","date_gmt":"2009-06-17T03:42:21","guid":{"rendered":"http:\/\/www.redenoticia.com.br\/noticia\/?p=3030"},"modified":"2009-06-16T23:42:21","modified_gmt":"2009-06-17T03:42:21","slug":"lei-garante-merenda-e-transporte-escolar-a-alunos-do-ensino-medio-da-rede-publica","status":"publish","type":"post","link":"https:\/\/www.redenoticia.com.br\/noticia\/2009\/lei-garante-merenda-e-transporte-escolar-a-alunos-do-ensino-medio-da-rede-publica\/3030","title":{"rendered":"Lei garante merenda e transporte escolar a alunos do ensino m\u00e9dio da rede p\u00fablica"},"content":{"rendered":"<p>O presidente em exerc\u00edcio, Jos\u00e9 Alencar, sancionou hoje (16) lei que estende a merenda escolar e o transporte escolar ao ensino m\u00e9dio e \u00e0 educa\u00e7\u00e3o de jovens e adultos da rede p\u00fablica. Medida provis\u00f3ria nesse sentido j\u00e1 havia sido assinada em janeiro pelo presidente Luiz In\u00e1cio Lula da Silva, e os repasses j\u00e1 vinham sendo feitos aos estados desde fevereiro.<\/p>\n<p>Com a nova lei, o or\u00e7amento para alimenta\u00e7\u00e3o escolar foi ampliado em R$ 400 milh\u00f5es, totalizando R$ 2,1 bilh\u00e3o, sendo que 30% dever\u00e3o ser aplicados na aquisi\u00e7\u00e3o de produtos da agricultura familiar.<\/p>\n<p>Al\u00e9m dos 35 mil alunos de creches, pr\u00e9-escola e ensino fundamental j\u00e1 atendidos pela merenda escolar, passam a ser beneficiados 9 milh\u00f5es de estudantes do ensino m\u00e9dio e 3 milh\u00f5es de alunos dos programas de educa\u00e7\u00e3o de jovens e adultos.<\/p>\n<p>No caso do transporte escolar, o montante previsto para este ano passou de cerca de R$ 300 milh\u00f5es para R$ 460 milh\u00f5es, alcan\u00e7ando todos os alunos do ensino m\u00e9dio e jovens e adultos de zonas rurais.<\/p>\n<p>\u201cAntes o ensino m\u00e9dio n\u00e3o tinha nada e havia uma grande evas\u00e3o. Com isso, estamos fazendo com que o aluno do ensino m\u00e9dio continue sendo assistido\u201d, resumiu o presidente do Fundo Nacional de Desenvolvimento da Educa\u00e7\u00e3o (FNDE), Daniel Balaban.<\/p>\n<p>Outra novidade da nova lei \u00e9 a amplia\u00e7\u00e3o do Programa Dinheiro Direto na Escola, que contar\u00e1 com R$ 1 bilh\u00e3o este ano para manuten\u00e7\u00e3o de mais 30 mil escolas, totalizando 180 mil estabelecimentos de ensino p\u00fablico.<\/p>\n<p>A nova lei ser\u00e1 publicada hoje (17) no <em>Di\u00e1rio Oficial da Uni\u00e3o<\/em>.<\/p>\n<p>Mylena Fiori<br \/>\n<em>Rep\u00f3rter da Ag\u00eancia Brasil<\/em><\/p>\n","protected":false},"excerpt":{"rendered":"<p>O presidente em exerc\u00edcio, Jos\u00e9 Alencar, sancionou hoje (16) lei que estende a merenda escolar e o transporte escolar ao ensino m\u00e9dio e \u00e0 educa\u00e7\u00e3o de jovens e adultos da rede p\u00fablica. Medida provis\u00f3ria nesse sentido j\u00e1 havia sido assinada em janeiro pelo presidente Luiz In\u00e1cio Lula da Silva, e os repasses j\u00e1 vinham sendo [&hellip;]<\/p>\n","protected":false},"author":3,"featured_media":0,"comment_status":"open","ping_status":"open","sticky":false,"template":"","format":"standard","meta":{"_genesis_hide_title":false,"_genesis_hide_breadcrumbs":false,"_genesis_hide_singular_image":false,"_genesis_hide_footer_widgets":false,"_genesis_custom_body_class":"","_genesis_custom_post_class":"","_genesis_layout":"","_jetpack_memberships_contains_paid_content":false,"footnotes":""},"categories":[22],"tags":[],"class_list":{"0":"post-3030","1":"post","2":"type-post","3":"status-publish","4":"format-standard","6":"category-brasil","7":"entry","8":"gs-1","9":"gs-odd","10":"gs-even","11":"gs-featured-content-entry"},"jetpack_featured_media_url":"","jetpack_sharing_enabled":true,"jetpack_likes_enabled":true,"_links":{"self":[{"href":"https:\/\/www.redenoticia.com.br\/noticia\/wp-json\/wp\/v2\/posts\/3030","targetHints":{"allow":["GET"]}}],"collection":[{"href":"https:\/\/www.redenoticia.com.br\/noticia\/wp-json\/wp\/v2\/posts"}],"about":[{"href":"https:\/\/www.redenoticia.com.br\/noticia\/wp-json\/wp\/v2\/types\/post"}],"author":[{"embeddable":true,"href":"https:\/\/www.redenoticia.com.br\/noticia\/wp-json\/wp\/v2\/users\/3"}],"replies":[{"embeddable":true,"href":"https:\/\/www.redenoticia.com.br\/noticia\/wp-json\/wp\/v2\/comments?post=3030"}],"version-history":[{"count":0,"href":"https:\/\/www.redenoticia.com.br\/noticia\/wp-json\/wp\/v2\/posts\/3030\/revisions"}],"wp:attachment":[{"href":"https:\/\/www.redenoticia.com.br\/noticia\/wp-json\/wp\/v2\/media?parent=3030"}],"wp:term":[{"taxonomy":"category","embeddable":true,"href":"https:\/\/www.redenoticia.com.br\/noticia\/wp-json\/wp\/v2\/categories?post=3030"},{"taxonomy":"post_tag","embeddable":true,"href":"https:\/\/www.redenoticia.com.br\/noticia\/wp-json\/wp\/v2\/tags?post=3030"}],"curies":[{"name":"wp","href":"https:\/\/api.w.org\/{rel}","templated":true}]}}