{"id":3027,"date":"2009-06-16T23:41:12","date_gmt":"2009-06-17T03:41:12","guid":{"rendered":"http:\/\/www.redenoticia.com.br\/noticia\/?p=3027"},"modified":"2009-06-17T11:43:39","modified_gmt":"2009-06-17T15:43:39","slug":"navio-naufraga-e-derrama-5-mil-litros-de-oleo-no-rio-negro","status":"publish","type":"post","link":"https:\/\/www.redenoticia.com.br\/noticia\/2009\/navio-naufraga-e-derrama-5-mil-litros-de-oleo-no-rio-negro\/3027","title":{"rendered":"Navio naufraga e derrama 5 mil litros de \u00f3leo no Rio Negro"},"content":{"rendered":"<p>Um navio usado para empurrar balsas naufragou em Manaus e derramou cerca de 5 mil litros de \u00f3leo combust\u00edvel, que se espalharam por quase um quil\u00f4metro no Rio Negro.<\/p>\n<p>Segundo informa\u00e7\u00f5es do 9\u00ba Distrito Naval da Marinha em Manaus, o navio empurrador afundou por volta da meia noite de ontem (15), quando estava atracado no porto da empresa respons\u00e1vel, a J. F. de Oliveira Navega\u00e7\u00e3o Limitada. O acidente n\u00e3o teve v\u00edtimas.<\/p>\n<p>Ainda de acordo com a Marinha, a empresa tomou provid\u00eancias para minimizar os danos ambientais, usando barreiras de conten\u00e7\u00e3o para tentar evitar que o combust\u00edvel se espalhe ainda mais pela orla fluvial de Manaus e retirando parte do \u00f3leo da superf\u00edcie. A Marinha informa que vai \u00a0abrir um inqu\u00e9rito administrativo para apurar as causas do acidente.<\/p>\n<p>Segundo o gerente de fiscaliza\u00e7\u00e3o da Secretaria Municipal de Meio Ambiente de Manaus, C\u00e9sar Lopes, a empresa respons\u00e1vel pela embarca\u00e7\u00e3o j\u00e1 foi multada em cerca de R$ 90 mil e tem a obriga\u00e7\u00e3o de reparar os danos causados ao meio ambiente.<\/p>\n<p>Ele afirma ainda que a secretaria vai apurar a den\u00fancia de que a empresa estaria jogando sab\u00e3o em p\u00f3 no rio para dissolver as manchas de \u00f3leo. O gerente diz que, caso isso seja comprovado, a empresa poder\u00e1 pagar uma nova multa.<\/p>\n<p>\u201cEles est\u00e3o prop\u00edcios a receber um novo auto de infra\u00e7\u00e3o em cima do acontecido. Inclusive, n\u00f3s estamos at\u00e9 verificando aqui o tipo de dano que poderia ser causado com esse tipo de produto misturado com o \u00f3leo.\u201d<\/p>\n<p>Segundo Lopes, o local est\u00e1 sendo monitorado pela Secretaria de Meio Ambiente e somente ap\u00f3s estudos mais detalhados \u00e9 que o \u00f3rg\u00e3o vai poder saber a dimens\u00e3o dos danos causados tanto ao meio ambiente quanto \u00e0s comunidades que vivem nas margens do rio. Ele acrescenta que a empresa ainda n\u00e3o se pronunciou sobre as causas do naufr\u00e1gio.<\/p>\n<p>At\u00e9 o fechamento desta mat\u00e9ria, a reportagem n\u00e3o havia conseguido falar com o respons\u00e1vel pela empresa J. F. de Oliveira Navega\u00e7\u00e3o Limitada.<\/p>\n<p>Juliana Maya<br \/>\n<em>Rep\u00f3rter da R\u00e1dio Nacional da Amaz\u00f4nia<\/em><\/p>\n","protected":false},"excerpt":{"rendered":"<p>Um navio usado para empurrar balsas naufragou em Manaus e derramou cerca de 5 mil litros de \u00f3leo combust\u00edvel, que se espalharam por quase um quil\u00f4metro no Rio Negro. Segundo informa\u00e7\u00f5es do 9\u00ba Distrito Naval da Marinha em Manaus, o navio empurrador afundou por volta da meia noite de ontem (15), quando estava atracado no [&hellip;]<\/p>\n","protected":false},"author":3,"featured_media":0,"comment_status":"open","ping_status":"open","sticky":false,"template":"","format":"standard","meta":{"_genesis_hide_title":false,"_genesis_hide_breadcrumbs":false,"_genesis_hide_singular_image":false,"_genesis_hide_footer_widgets":false,"_genesis_custom_body_class":"","_genesis_custom_post_class":"","_genesis_layout":"","_jetpack_memberships_contains_paid_content":false,"footnotes":""},"categories":[22],"tags":[],"class_list":{"0":"post-3027","1":"post","2":"type-post","3":"status-publish","4":"format-standard","6":"category-brasil","7":"entry","8":"gs-1","9":"gs-odd","10":"gs-even","11":"gs-featured-content-entry"},"jetpack_featured_media_url":"","jetpack_sharing_enabled":true,"jetpack_likes_enabled":true,"_links":{"self":[{"href":"https:\/\/www.redenoticia.com.br\/noticia\/wp-json\/wp\/v2\/posts\/3027","targetHints":{"allow":["GET"]}}],"collection":[{"href":"https:\/\/www.redenoticia.com.br\/noticia\/wp-json\/wp\/v2\/posts"}],"about":[{"href":"https:\/\/www.redenoticia.com.br\/noticia\/wp-json\/wp\/v2\/types\/post"}],"author":[{"embeddable":true,"href":"https:\/\/www.redenoticia.com.br\/noticia\/wp-json\/wp\/v2\/users\/3"}],"replies":[{"embeddable":true,"href":"https:\/\/www.redenoticia.com.br\/noticia\/wp-json\/wp\/v2\/comments?post=3027"}],"version-history":[{"count":0,"href":"https:\/\/www.redenoticia.com.br\/noticia\/wp-json\/wp\/v2\/posts\/3027\/revisions"}],"wp:attachment":[{"href":"https:\/\/www.redenoticia.com.br\/noticia\/wp-json\/wp\/v2\/media?parent=3027"}],"wp:term":[{"taxonomy":"category","embeddable":true,"href":"https:\/\/www.redenoticia.com.br\/noticia\/wp-json\/wp\/v2\/categories?post=3027"},{"taxonomy":"post_tag","embeddable":true,"href":"https:\/\/www.redenoticia.com.br\/noticia\/wp-json\/wp\/v2\/tags?post=3027"}],"curies":[{"name":"wp","href":"https:\/\/api.w.org\/{rel}","templated":true}]}}