{"id":30248,"date":"2010-07-14T17:24:00","date_gmt":"2010-07-14T21:24:00","guid":{"rendered":"http:\/\/www.redenoticia.com.br\/noticia\/?p=30248"},"modified":"2025-10-20T11:20:16","modified_gmt":"2025-10-20T14:20:16","slug":"copa-2014-brasil-lanca-hotsite-sobre-as-12-cidades-sedes","status":"publish","type":"post","link":"https:\/\/www.redenoticia.com.br\/noticia\/2010\/copa-2014-brasil-lanca-hotsite-sobre-as-12-cidades-sedes\/30248","title":{"rendered":"Copa 2014: Brasil lan\u00e7a hotsite sobre as 12 cidades-sedes"},"content":{"rendered":"<p><strong><em><img loading=\"lazy\" decoding=\"async\" class=\"alignleft size-full wp-image-30249\" title=\"copa do mundo 2014\" src=\"https:\/\/www.redenoticia.com.br\/noticia\/imagens\/copa-do-mundo-2014.jpg\" alt=\"\" width=\"300\" height=\"193\" srcset=\"https:\/\/www.redenoticia.com.br\/noticia\/imagens\/copa-do-mundo-2014.jpg 300w, https:\/\/www.redenoticia.com.br\/noticia\/imagens\/copa-do-mundo-2014-250x161.jpg 250w, https:\/\/www.redenoticia.com.br\/noticia\/imagens\/copa-do-mundo-2014-150x97.jpg 150w\" sizes=\"auto, (max-width: 300px) 100vw, 300px\" \/>Copa de 2014<\/em><\/strong> &#8211; o\u00a0Minist\u00e9rio do Turismo, por meio da Embratur (Instituto Brasileiro de Turismo), lan\u00e7a, nesta quarta-feira (14), o hotsite \u201cSele\u00e7\u00e3o Brasileira das Cidades\u201d. O produto faz parte da campanha de promo\u00e7\u00e3o internacional do turismo \u201cO Brasil te chama. Celebre a vida aqui\u201d, lan\u00e7ada no dia 9 de julho, em Joanesburgo (\u00c1frica do Sul). O site apresenta o perfil, mapas, fotos e v\u00eddeos dos principais pontos tur\u00edsticos das 12 cidades que ir\u00e3o sediar a Copa de 2014, com vers\u00f5es em portugu\u00eas, ingl\u00eas e espanhol.<\/p>\n<p>Para apresentar a diversidade cultural e natural do pa\u00eds, o site apresenta outros cart\u00f5es postais que est\u00e3o pr\u00f3ximos \u00e0s cidades-sedes. O espa\u00e7o \u00e9 interativo e interligado a redes sociais como o Facebook, o Twitter e o YouTube. Todos os pontos tur\u00edsticos apresentados no site podem ser visualizados por meio do Google Maps e por imagem de sat\u00e9lite. Os usu\u00e1rios poder\u00e3o fazer coment\u00e1rios e tirar d\u00favidas online sobre cada destino.<\/p>\n<p>\u201cCom a cria\u00e7\u00e3o dessa plataforma digital, podemos entregar aos turistas informa\u00e7\u00f5es relevantes para a divulga\u00e7\u00e3o das cidades que ir\u00e3o sediar a Copa e tamb\u00e9m sobre os destinos que est\u00e3o pr\u00f3ximos. O site poder\u00e1 ajudar os usu\u00e1rios a tra\u00e7arem o seu roteiro de viagem para 2014\u201d, explicou o diretor de Marketing da Embratur, Walter Vasconcellos.<\/p>\n<p>A campanha publicit\u00e1ria de promo\u00e7\u00e3o tur\u00edstica internacional, produzida para atingir cem pa\u00edses e cerca de 400 milh\u00f5es de pessoas, \u00e9 composta por filmes, pe\u00e7as gr\u00e1ficas e a\u00e7\u00f5es em m\u00eddias sociais que convidam o mundo a visitar o Pa\u00eds, aproveitando a exposi\u00e7\u00e3o do Brasil como sede de grandes eventos esportivos mundiais. Para quem quiser obter informa\u00e7\u00f5es sobre as cidades que receber\u00e3o o megaevento esportivo em 2014.<\/p>\n<p>O investimento total da campanha de promo\u00e7\u00e3o internacional alcan\u00e7a US$ 30 milh\u00f5es at\u00e9 o final de 2010 \u2013 em a\u00e7\u00f5es que envolvem publicidade em TVs, jornais, revistas e cat\u00e1logos internacionais de operadores tur\u00edsticos, a\u00e7\u00f5es de rela\u00e7\u00f5es p\u00fablicas com a imprensa internacional, m\u00eddia na Internet e m\u00eddias sociais, pain\u00e9is em aeroportos e outdoors em 15 pa\u00edses, publica\u00e7\u00f5es e material promocional sobre as 12 cidades-sedes da Copa do Mundo FIFA de 2014, aplicativos para telefone celular e promo\u00e7\u00e3o em eventos tur\u00edsticos em cerca de trinta pa\u00edses.<\/p>\n","protected":false},"excerpt":{"rendered":"<p>Copa de 2014 &#8211; o\u00a0Minist\u00e9rio do Turismo, por meio da Embratur (Instituto Brasileiro de Turismo), lan\u00e7a, nesta quarta-feira (14), o hotsite \u201cSele\u00e7\u00e3o Brasileira das Cidades\u201d. O produto faz parte da campanha de promo\u00e7\u00e3o internacional do turismo \u201cO Brasil te chama. Celebre a vida aqui\u201d, lan\u00e7ada no dia 9 de julho, em Joanesburgo (\u00c1frica do Sul). [&hellip;]<\/p>\n","protected":false},"author":3,"featured_media":30249,"comment_status":"open","ping_status":"open","sticky":false,"template":"","format":"standard","meta":{"_genesis_hide_title":false,"_genesis_hide_breadcrumbs":false,"_genesis_hide_singular_image":false,"_genesis_hide_footer_widgets":false,"_genesis_custom_body_class":"","_genesis_custom_post_class":"","_genesis_layout":"","_jetpack_memberships_contains_paid_content":false,"footnotes":""},"categories":[22],"tags":[],"class_list":{"0":"post-30248","1":"post","2":"type-post","3":"status-publish","4":"format-standard","5":"has-post-thumbnail","7":"category-brasil","8":"entry","9":"gs-1","10":"gs-odd","11":"gs-even","12":"gs-featured-content-entry"},"jetpack_featured_media_url":"https:\/\/www.redenoticia.com.br\/noticia\/imagens\/copa-do-mundo-2014.jpg","jetpack_sharing_enabled":true,"jetpack_likes_enabled":true,"_links":{"self":[{"href":"https:\/\/www.redenoticia.com.br\/noticia\/wp-json\/wp\/v2\/posts\/30248","targetHints":{"allow":["GET"]}}],"collection":[{"href":"https:\/\/www.redenoticia.com.br\/noticia\/wp-json\/wp\/v2\/posts"}],"about":[{"href":"https:\/\/www.redenoticia.com.br\/noticia\/wp-json\/wp\/v2\/types\/post"}],"author":[{"embeddable":true,"href":"https:\/\/www.redenoticia.com.br\/noticia\/wp-json\/wp\/v2\/users\/3"}],"replies":[{"embeddable":true,"href":"https:\/\/www.redenoticia.com.br\/noticia\/wp-json\/wp\/v2\/comments?post=30248"}],"version-history":[{"count":1,"href":"https:\/\/www.redenoticia.com.br\/noticia\/wp-json\/wp\/v2\/posts\/30248\/revisions"}],"predecessor-version":[{"id":259173,"href":"https:\/\/www.redenoticia.com.br\/noticia\/wp-json\/wp\/v2\/posts\/30248\/revisions\/259173"}],"wp:featuredmedia":[{"embeddable":true,"href":"https:\/\/www.redenoticia.com.br\/noticia\/wp-json\/wp\/v2\/media\/30249"}],"wp:attachment":[{"href":"https:\/\/www.redenoticia.com.br\/noticia\/wp-json\/wp\/v2\/media?parent=30248"}],"wp:term":[{"taxonomy":"category","embeddable":true,"href":"https:\/\/www.redenoticia.com.br\/noticia\/wp-json\/wp\/v2\/categories?post=30248"},{"taxonomy":"post_tag","embeddable":true,"href":"https:\/\/www.redenoticia.com.br\/noticia\/wp-json\/wp\/v2\/tags?post=30248"}],"curies":[{"name":"wp","href":"https:\/\/api.w.org\/{rel}","templated":true}]}}