{"id":30060,"date":"2010-07-05T12:59:05","date_gmt":"2010-07-05T16:59:05","guid":{"rendered":"http:\/\/www.redenoticia.com.br\/noticia\/?p=30060"},"modified":"2010-07-05T12:59:05","modified_gmt":"2010-07-05T16:59:05","slug":"os-cinco-sentidos-das-essencias","status":"publish","type":"post","link":"https:\/\/www.redenoticia.com.br\/noticia\/2010\/os-cinco-sentidos-das-essencias\/30060","title":{"rendered":"Os cinco sentidos das ess\u00eancias"},"content":{"rendered":"<p><img loading=\"lazy\" decoding=\"async\" class=\"alignleft size-full wp-image-30057\" title=\"perfumes inverno\" src=\"https:\/\/www.redenoticia.com.br\/noticia\/imagens\/perfumes-inverno.jpg\" alt=\"\" width=\"300\" height=\"193\" srcset=\"https:\/\/www.redenoticia.com.br\/noticia\/imagens\/perfumes-inverno.jpg 300w, https:\/\/www.redenoticia.com.br\/noticia\/imagens\/perfumes-inverno-250x161.jpg 250w, https:\/\/www.redenoticia.com.br\/noticia\/imagens\/perfumes-inverno-150x97.jpg 150w\" sizes=\"auto, (max-width: 300px) 100vw, 300px\" \/>Dos <strong><em>cinco sentidos<\/em><\/strong>, o olfato \u00e9 o mais emocional, pois est\u00e1 ligado diretamente \u00e0 mem\u00f3ria emocional. Por isso, quando sentimos um cheiro, uma <strong><em>fragr\u00e2ncia<\/em><\/strong>, come\u00e7amos imediatamente uma viagem pelas nossas lembran\u00e7as, pelos arquivos sensoriais do nosso c\u00e9rebro, que nos transporta para o exato momento, para a exata situa\u00e7\u00e3o na qual fomos apresentados a essa fragr\u00e2ncia.<\/p>\n<p>\u00c9 o sentido que deixa a melhor impress\u00e3o da eternidade quando o tema explorado s\u00e3o as ess\u00eancias. Mas, n\u00e3o devemos deixar de lembrar que al\u00e9m de sentir cheiros, a vis\u00e3o, o tato, a audi\u00e7\u00e3o e o paladar tamb\u00e9m est\u00e3o interligados ao nosso emocional. Basta perceber que os nossos sentidos s\u00e3o a nossa porta de comunica\u00e7\u00e3o com o mundo que nos cerca, por isso a import\u00e2ncia de valoriz\u00e1-los e exercit\u00e1-los sempre que poss\u00edvel. Na arte da perfumaria, os cinco sentidos s\u00e3o importantes para escolher uma fragr\u00e2ncia que remeta um momento marcante na vida das pessoas.<\/p>\n<p>Vis\u00e3o, a melhor hora para se escolher um bom perfume<\/p>\n<p>A sedu\u00e7\u00e3o, o encantamento. O design de um frasco nos prende, nos cativa. A vis\u00e3o \u00e9 um dos sentidos que mais utilizamos. Com este sentido vemos as formas, as cores, os tamanhos e aprendemos sobre o mundo.<\/p>\n<p>Audi\u00e7\u00e3o, o melhor momento para ouvir aquela dica da amiga<\/p>\n<p>Come\u00e7amos agu\u00e7ar os nossos sentidos. O som de um frasco se abrindo, o borrifar de um perfume, os coment\u00e1rios das pessoas. Passamos a maior parte do tempo ouvindo pessoas, falando com elas, distinguindo tons de voz, leves irrita\u00e7\u00f5es, disfar\u00e7ados elogios, com a inten\u00e7\u00e3o de compreender o outro.<\/p>\n<p>Tato, o nosso melhor amigo quando borrifamos o perfume na pele<\/p>\n<p>O contato f\u00edsico-emocional. Agora come\u00e7a a intera\u00e7\u00e3o do perfume com quem somos; o adicionamos a nossa personalidade. A pele \u00e9 o maior \u00f3rg\u00e3o do corpo humano. Temos ao que consta, uma enorme quantidade de sensores para exercer o tato com qualquer parte do corpo, um pouco menos no cotovelo, um pouco mais em outros lugares. Quando abra\u00e7amos algu\u00e9m, recebemos uma quantidade imensa de informa\u00e7\u00f5es, rapidamente processadas e entendidas intuitivamente. O toque pessoal \u00e9 uma forma preciosa de comunica\u00e7\u00e3o e de escolher um perfume.<\/p>\n<p>Paladar, um remember na mistura de notas e ess\u00eancias<\/p>\n<p>A conex\u00e3o com o nosso mundo. Com e retorespira\u00e7\u00e3o ativamos todas as mem\u00f3rias gustativas que temos: especiarias, frutas, c\u00edtricos e outros. Tudo come\u00e7a a se tonar mais real. O paladar n\u00e3o \u00e9 um sentido muito utilizado na comunica\u00e7\u00e3o humana, por\u00e9m parece ser o \u00faltimo que perdemos com a idade e o primeiro que desenvolvemos com efici\u00eancia ao nascer. \u00c9 o paladar que nos avisa do prazer do bom alimento ou do perigo dos venenos. A degusta\u00e7\u00e3o de bebidas e alimentos, a troca de opini\u00f5es s\u00e3o exerc\u00edcios importantes para aprimorar este sentido, o que nos d\u00e1 maior percep\u00e7\u00e3o do mundo.<\/p>\n<p>Olfato, o nosso maior aliado na hora de escolher um bom perfume<\/p>\n<p>O \u00e1pice, o \u00eaxtase desta jornada; Todos os sentidos est\u00e3o alerta, todos os sentidos est\u00e3o completos; agora \u00e9 s\u00f3 respirar e sonhar. O olfato \u00e9 o \u00fanico dos sentidos que tem conex\u00e3o direta com o processamento de emo\u00e7\u00f5es e o armazenamento de mem\u00f3rias. Os perfumes ou odores s\u00e3o capazes de despertar sensa\u00e7\u00f5es de alerta ou tranq\u00fcilidade, conforto ou inc\u00f4modo. Al\u00e9m disso, o olfato nos informa a origem de cada coisa e est\u00e1 intimamente relacionado ao instinto de sobreviv\u00eancia. Fechar os olhos \u00e9 o primeiro passo para apurar este sentido. Depois, tente reconhecer os aromas \u00e1cidos, c\u00edtricos e doces presentes em diferentes flores, ervas e perfumes e fa\u00e7a a escolha certa.<\/p>\n<p>RR PERFUMES E COSM\u00c9TICOS<\/p>\n","protected":false},"excerpt":{"rendered":"<p>Dos cinco sentidos, o olfato \u00e9 o mais emocional, pois est\u00e1 ligado diretamente \u00e0 mem\u00f3ria emocional. Por isso, quando sentimos um cheiro, uma fragr\u00e2ncia, come\u00e7amos imediatamente uma viagem pelas nossas lembran\u00e7as, pelos arquivos sensoriais do nosso c\u00e9rebro, que nos transporta para o exato momento, para a exata situa\u00e7\u00e3o na qual fomos apresentados a essa fragr\u00e2ncia. [&hellip;]<\/p>\n","protected":false},"author":3,"featured_media":30057,"comment_status":"open","ping_status":"open","sticky":false,"template":"","format":"standard","meta":{"_genesis_hide_title":false,"_genesis_hide_breadcrumbs":false,"_genesis_hide_singular_image":false,"_genesis_hide_footer_widgets":false,"_genesis_custom_body_class":"","_genesis_custom_post_class":"","_genesis_layout":"","_jetpack_memberships_contains_paid_content":false,"footnotes":""},"categories":[22],"tags":[],"class_list":{"0":"post-30060","1":"post","2":"type-post","3":"status-publish","4":"format-standard","5":"has-post-thumbnail","7":"category-brasil","8":"entry","9":"gs-1","10":"gs-odd","11":"gs-even","12":"gs-featured-content-entry"},"jetpack_featured_media_url":"https:\/\/www.redenoticia.com.br\/noticia\/imagens\/perfumes-inverno.jpg","jetpack_sharing_enabled":true,"jetpack_likes_enabled":true,"_links":{"self":[{"href":"https:\/\/www.redenoticia.com.br\/noticia\/wp-json\/wp\/v2\/posts\/30060","targetHints":{"allow":["GET"]}}],"collection":[{"href":"https:\/\/www.redenoticia.com.br\/noticia\/wp-json\/wp\/v2\/posts"}],"about":[{"href":"https:\/\/www.redenoticia.com.br\/noticia\/wp-json\/wp\/v2\/types\/post"}],"author":[{"embeddable":true,"href":"https:\/\/www.redenoticia.com.br\/noticia\/wp-json\/wp\/v2\/users\/3"}],"replies":[{"embeddable":true,"href":"https:\/\/www.redenoticia.com.br\/noticia\/wp-json\/wp\/v2\/comments?post=30060"}],"version-history":[{"count":0,"href":"https:\/\/www.redenoticia.com.br\/noticia\/wp-json\/wp\/v2\/posts\/30060\/revisions"}],"wp:featuredmedia":[{"embeddable":true,"href":"https:\/\/www.redenoticia.com.br\/noticia\/wp-json\/wp\/v2\/media\/30057"}],"wp:attachment":[{"href":"https:\/\/www.redenoticia.com.br\/noticia\/wp-json\/wp\/v2\/media?parent=30060"}],"wp:term":[{"taxonomy":"category","embeddable":true,"href":"https:\/\/www.redenoticia.com.br\/noticia\/wp-json\/wp\/v2\/categories?post=30060"},{"taxonomy":"post_tag","embeddable":true,"href":"https:\/\/www.redenoticia.com.br\/noticia\/wp-json\/wp\/v2\/tags?post=30060"}],"curies":[{"name":"wp","href":"https:\/\/api.w.org\/{rel}","templated":true}]}}