{"id":29916,"date":"2010-06-30T16:07:48","date_gmt":"2010-06-30T20:07:48","guid":{"rendered":"http:\/\/www.redenoticia.com.br\/noticia\/?p=29916"},"modified":"2010-06-30T16:08:44","modified_gmt":"2010-06-30T20:08:44","slug":"29916","status":"publish","type":"post","link":"https:\/\/www.redenoticia.com.br\/noticia\/2010\/29916\/29916","title":{"rendered":"Expojipa 2010 inicia a montagem da arquibancada"},"content":{"rendered":"<p class=\"MsoNoSpacing\"><span style=\"font-size: 12.0pt; font-family: &amp;quot;Arial&amp;quot;,&amp;quot;sans-serif&amp;quot;;\"><img loading=\"lazy\" decoding=\"async\" class=\"alignleft size-full wp-image-29917\" title=\"Montagem da arquibancada da Expojipa 2010\" src=\"https:\/\/www.redenoticia.com.br\/noticia\/imagens\/Montagem-da-arquibancada-da-Expojipa-2010.jpg\" alt=\"\" width=\"300\" height=\"226\" srcset=\"https:\/\/www.redenoticia.com.br\/noticia\/imagens\/Montagem-da-arquibancada-da-Expojipa-2010.jpg 300w, https:\/\/www.redenoticia.com.br\/noticia\/imagens\/Montagem-da-arquibancada-da-Expojipa-2010-248x187.jpg 248w, https:\/\/www.redenoticia.com.br\/noticia\/imagens\/Montagem-da-arquibancada-da-Expojipa-2010-150x113.jpg 150w, https:\/\/www.redenoticia.com.br\/noticia\/imagens\/Montagem-da-arquibancada-da-Expojipa-2010-148x112.jpg 148w\" sizes=\"auto, (max-width: 300px) 100vw, 300px\" \/>Iniciada nesta quarta-feira, (30), a montagem das arquibancadas no Parque de Exposi\u00e7\u00f5es Herm\u00ednio Victorelli, para a realiza\u00e7\u00e3o da 31\u00aa edi\u00e7\u00e3o da Exposi\u00e7\u00e3o Agropecu\u00e1ria, Industrial e Comercial de Ji-Paran\u00e1( EXPOJIPA).A estrutura ter\u00e1 capacidade para acomodar 15 mil pessoas e conta o camarote vip caf\u00e9 Cowboy.<\/span><\/p>\n<p class=\"MsoNoSpacing\"><span style=\"font-size: 12.0pt; font-family: &amp;quot;Arial&amp;quot;,&amp;quot;sans-serif&amp;quot;;\">Esta \u00e9 a quarta vez que a Associa\u00e7\u00e3o Rural de Rond\u00f4nia, (ARR) aluga arquibancada devido \u00e0 demoli\u00e7\u00e3o da estrutura fixa, que serviu a Expojipa por mais de 20 anos.<\/span><\/p>\n<p class=\"MsoNoSpacing\"><span style=\"font-size: 12.0pt; font-family: &amp;quot;Arial&amp;quot;,&amp;quot;sans-serif&amp;quot;;\">A estrutura pertence a Cia. de Rodeio Jo\u00e3o Palestino e veio de Goi\u00e2nia. \u201cN\u00f3s tivemos um cuidado todo especial na hora de escolher as arquibancadas para a Expojipa e contratamos uma das melhores estruturas do Brasil\u201d afirmou Solivan Lima Chaves, presidente da ARR.<\/span><\/p>\n<p class=\"MsoNoSpacing\"><span style=\"font-size: 12.0pt; font-family: &amp;quot;Arial&amp;quot;,&amp;quot;sans-serif&amp;quot;;\">Cinquenta homens trabalham na montagem da estrutura da arquibancada e do camarote que deve ficar pronta na pr\u00f3xima semana.<\/span><\/p>\n<p class=\"MsoNoSpacing\"><span style=\"font-size: 12.0pt; font-family: &amp;quot;Arial&amp;quot;,&amp;quot;sans-serif&amp;quot;;\">A Expojipa este ano vai acontecer de 10 a 18 de julho, no Parque de Exposi\u00e7\u00f5es Herm\u00ednio Victorelli. O passaporte para os nove dias de festa custa 80 reais. Quem adquiri-lo ter\u00e1 direito a concorrer a duas caminhonetes S-10 Flex Power, um Fiat Uno e um Gol 0Km. A Associa\u00e7\u00e3o Rural de Rond\u00f4nia colocou a disposi\u00e7\u00e3o da comunidade cerca de 100 pontos de venda espalhados por toda cidade.<\/span><\/p>\n<p class=\"MsoNoSpacing\"><span style=\"font-size: 12.0pt; font-family: &amp;quot;Arial&amp;quot;,&amp;quot;sans-serif&amp;quot;;\">Na programa\u00e7\u00e3o oficial da Expojipa, constam leil\u00f5es, exposi\u00e7\u00e3o de animais, rodeio e shows com a dupla Bruno e Marrone (10), Luan Santana (15), Cl\u00e1udia Leitte (16) e Amado Batista (17). <\/span><\/p>\n<p class=\"MsoNoSpacing\"><span style=\"font-size: 12.0pt; font-family: &amp;quot;Arial&amp;quot;,&amp;quot;sans-serif&amp;quot;;\">Os ingressos avulsos ser\u00e3o vendidos apenas na bilheteria do Parque de Exposi\u00e7\u00f5es Herm\u00ednio Victorelli. Para<span style=\"mso-spacerun: yes;\"> <\/span>as noites que acontecem os shows de Bruno e Marrone, Claudia Leitte e Amado Batista os ingressos custar\u00e3o R$ 30, para o show de Luan Santana R$ 40, na segunda-feira solid\u00e1ria, dia (12) tr\u00eas reais e para as demais noites, os ingressos individuais poder\u00e3o ser adquiridos ao pre\u00e7o de R$10.<\/span><\/p>\n<p class=\"MsoNoSpacing\"><span style=\"font-size: 12.0pt; font-family: &amp;quot;Arial&amp;quot;,&amp;quot;sans-serif&amp;quot;;\">A Expojipa \u00e9 considerada a maior e melhor festa da regi\u00e3o norte do Pa\u00eds. Todo o ano, re\u00fane cerca de 300 mil pessoas nos nove dias de festa.<\/span><\/p>\n","protected":false},"excerpt":{"rendered":"<p>Iniciada nesta quarta-feira, (30), a montagem das arquibancadas no Parque de Exposi\u00e7\u00f5es Herm\u00ednio Victorelli, para a realiza\u00e7\u00e3o da 31\u00aa edi\u00e7\u00e3o da Exposi\u00e7\u00e3o Agropecu\u00e1ria, Industrial e Comercial de Ji-Paran\u00e1( EXPOJIPA).A estrutura ter\u00e1 capacidade para acomodar 15 mil pessoas e conta o camarote vip caf\u00e9 Cowboy. Esta \u00e9 a quarta vez que a Associa\u00e7\u00e3o Rural de Rond\u00f4nia, [&hellip;]<\/p>\n","protected":false},"author":2,"featured_media":29917,"comment_status":"open","ping_status":"open","sticky":false,"template":"","format":"standard","meta":{"_genesis_hide_title":false,"_genesis_hide_breadcrumbs":false,"_genesis_hide_singular_image":false,"_genesis_hide_footer_widgets":false,"_genesis_custom_body_class":"","_genesis_custom_post_class":"","_genesis_layout":"","_jetpack_memberships_contains_paid_content":false,"footnotes":""},"categories":[388],"tags":[],"class_list":{"0":"post-29916","1":"post","2":"type-post","3":"status-publish","4":"format-standard","5":"has-post-thumbnail","7":"category-destaques","8":"entry","9":"gs-1","10":"gs-odd","11":"gs-even","12":"gs-featured-content-entry"},"jetpack_featured_media_url":"https:\/\/www.redenoticia.com.br\/noticia\/imagens\/Montagem-da-arquibancada-da-Expojipa-2010.jpg","jetpack_sharing_enabled":true,"jetpack_likes_enabled":true,"_links":{"self":[{"href":"https:\/\/www.redenoticia.com.br\/noticia\/wp-json\/wp\/v2\/posts\/29916","targetHints":{"allow":["GET"]}}],"collection":[{"href":"https:\/\/www.redenoticia.com.br\/noticia\/wp-json\/wp\/v2\/posts"}],"about":[{"href":"https:\/\/www.redenoticia.com.br\/noticia\/wp-json\/wp\/v2\/types\/post"}],"author":[{"embeddable":true,"href":"https:\/\/www.redenoticia.com.br\/noticia\/wp-json\/wp\/v2\/users\/2"}],"replies":[{"embeddable":true,"href":"https:\/\/www.redenoticia.com.br\/noticia\/wp-json\/wp\/v2\/comments?post=29916"}],"version-history":[{"count":0,"href":"https:\/\/www.redenoticia.com.br\/noticia\/wp-json\/wp\/v2\/posts\/29916\/revisions"}],"wp:featuredmedia":[{"embeddable":true,"href":"https:\/\/www.redenoticia.com.br\/noticia\/wp-json\/wp\/v2\/media\/29917"}],"wp:attachment":[{"href":"https:\/\/www.redenoticia.com.br\/noticia\/wp-json\/wp\/v2\/media?parent=29916"}],"wp:term":[{"taxonomy":"category","embeddable":true,"href":"https:\/\/www.redenoticia.com.br\/noticia\/wp-json\/wp\/v2\/categories?post=29916"},{"taxonomy":"post_tag","embeddable":true,"href":"https:\/\/www.redenoticia.com.br\/noticia\/wp-json\/wp\/v2\/tags?post=29916"}],"curies":[{"name":"wp","href":"https:\/\/api.w.org\/{rel}","templated":true}]}}