{"id":29879,"date":"2010-06-28T20:14:20","date_gmt":"2010-06-29T00:14:20","guid":{"rendered":"http:\/\/www.redenoticia.com.br\/noticia\/?p=29879"},"modified":"2010-06-29T18:38:23","modified_gmt":"2010-06-29T22:38:23","slug":"meteorologia-%e2%80%93-previsao-do-tempo-para-terca-feira-2906","status":"publish","type":"post","link":"https:\/\/www.redenoticia.com.br\/noticia\/2010\/meteorologia-%e2%80%93-previsao-do-tempo-para-terca-feira-2906\/29879","title":{"rendered":"Meteorologia \u2013 previs\u00e3o do tempo para ter\u00e7a-feira 29\/06"},"content":{"rendered":"<p><strong><em><img loading=\"lazy\" decoding=\"async\" class=\"alignleft size-full wp-image-28410\" title=\"previsao do tempo temperatura\" src=\"https:\/\/www.redenoticia.com.br\/noticia\/imagens\/previsao-do-tempo-temperatura.jpg\" alt=\"\" width=\"300\" height=\"193\" srcset=\"https:\/\/www.redenoticia.com.br\/noticia\/imagens\/previsao-do-tempo-temperatura.jpg 300w, https:\/\/www.redenoticia.com.br\/noticia\/imagens\/previsao-do-tempo-temperatura-250x160.jpg 250w, https:\/\/www.redenoticia.com.br\/noticia\/imagens\/previsao-do-tempo-temperatura-150x96.jpg 150w\" sizes=\"auto, (max-width: 300px) 100vw, 300px\" \/>Previs\u00e3o do tempo<\/em><\/strong> \u2013 a <strong><em>meteorologia<\/em><\/strong> divulgou a previs\u00e3o do tempo e <strong><em>temperatura<\/em><\/strong> para ter\u00e7a-feira 29\/06 e informa que a temperatura m\u00ednima sofrer\u00e1 decl\u00ednio no sul do RS. Segundo a previs\u00e3o do tempo a umidade relativa do ar estar\u00e1 baixa no sudeste do AM, sul do PA e no centro-sul do TO. Dados da previs\u00e3o do tempo indicam sol e poucas nuvens no Sudeste, mas muitas nuvens e chuva no leste do Rec\u00f4ncavo Baiano. A previs\u00e3o do tempo destaca que as temperaturas ficar\u00e3o est\u00e1veis na maior parte do Brasil.<\/p>\n<p>Regi\u00e3o Centro-Oeste \u2013 previs\u00e3o do tempo em 29\/06\/2010: Em toda a regi\u00e3o: predom\u00ednio de sol. As temperaturas estar\u00e3o est\u00e1veis. Temperatura m\u00e1xima de 32C no norte de MT. Temperatura m\u00ednima de 12C no sul de GO. A umidade relativa do ar estar\u00e1 baixa.<\/p>\n<p>Regi\u00e3o Nordeste \u2013 previs\u00e3o do tempo em 29\/06\/2010: No leste do Rec\u00f4ncavo Baiano: muitas nuvens e chuva. No oeste do Rec\u00f4ncavo Baiano: chuvas isoladas. Do sul da BA at\u00e9 PE e no extremo nordeste da BA (norte do Rec\u00f4ncavo Baiano): tempo inst\u00e1vel com chuva a qualquer hora. No norte do MA e litoral do PI: muitas nuvens e pancadas de chuva. No sudeste da BA, no oeste de AL e leste de PE: nublado. Nas demais \u00e1reas: predom\u00ednio de sol. As temperaturas estar\u00e3o est\u00e1veis. Temperatura de 34C no norte do RN. Temperatura m\u00ednima de 18C no centro-sul da BA. A umidade relativa do ar estar\u00e1 baixa entre o oeste da BA, centro-sul do PI e sul do MA.<\/p>\n<p>Regi\u00e3o Norte \u2013 previs\u00e3o do tempo em 29\/06\/2010: No oeste e norte do AM, no norte do PA, no AP e RR: sol entre nuvens e pancadas de chuva. Nas demais \u00e1reas: predom\u00ednio de sol. As temperaturas estar\u00e3o est\u00e1veis. Temperatura m\u00e1xima de 34C no norte do AM. Temperatura m\u00ednima de 17C no sul de RO. A umidade relativa do ar estar\u00e1 baixa no sudeste do AM, sul do PA e no centro-sul do TO.<\/p>\n<p>Regi\u00e3o Sudeste \u2013 previs\u00e3o do tempo em 29\/06\/2010: No oeste do ES, serra do RJ e centro-sul de MG: sol e poucas nuvens. Nas demais \u00e1reas da Regi\u00e3o: predom\u00ednio de sol. As temperaturas estar\u00e3o est\u00e1veis. Temperatura m\u00e1xima de 27C no norte do ES. Temperatura m\u00ednima de 6C na Serra da Mantiqueira. A umidade relativa do ar estar\u00e1 baixa em alguns pontos no per\u00edodo da tarde.<\/p>\n<p>Regi\u00e3o Sul \u2013 previs\u00e3o do tempo em 29\/06\/2010: No sudoeste do RS: muitas nuvens e possibilidade de chuva. No litoral norte do RS, de SC e do PR: sol e poucas nuvens. Nas demais \u00e1reas: predom\u00ednio de sol. A temperatura m\u00ednima sofrer\u00e1 decl\u00ednio no sul do RS e a temperatura m\u00e1xima ter\u00e1 eleva\u00e7\u00e3o. Temperatura m\u00e1xima de 22C no norte do PR. Temperatura m\u00ednima de 8C no sul do RS.<\/p>\n<p>Previs\u00e3o do tempo e temperatura CPTEC<\/p>\n","protected":false},"excerpt":{"rendered":"<p>Previs\u00e3o do tempo \u2013 a meteorologia divulgou a previs\u00e3o do tempo e temperatura para ter\u00e7a-feira 29\/06 e informa que a temperatura m\u00ednima sofrer\u00e1 decl\u00ednio no sul do RS. Segundo a previs\u00e3o do tempo a umidade relativa do ar estar\u00e1 baixa no sudeste do AM, sul do PA e no centro-sul do TO. Dados da previs\u00e3o [&hellip;]<\/p>\n","protected":false},"author":3,"featured_media":28410,"comment_status":"open","ping_status":"open","sticky":false,"template":"","format":"standard","meta":{"_genesis_hide_title":false,"_genesis_hide_breadcrumbs":false,"_genesis_hide_singular_image":false,"_genesis_hide_footer_widgets":false,"_genesis_custom_body_class":"","_genesis_custom_post_class":"","_genesis_layout":"","_jetpack_memberships_contains_paid_content":false,"footnotes":""},"categories":[22,327,376],"tags":[],"class_list":{"0":"post-29879","1":"post","2":"type-post","3":"status-publish","4":"format-standard","5":"has-post-thumbnail","7":"category-brasil","8":"category-clima","9":"category-clima-brasil","10":"entry","11":"gs-1","12":"gs-odd","13":"gs-even","14":"gs-featured-content-entry"},"jetpack_featured_media_url":"https:\/\/www.redenoticia.com.br\/noticia\/imagens\/previsao-do-tempo-temperatura.jpg","jetpack_sharing_enabled":true,"jetpack_likes_enabled":true,"_links":{"self":[{"href":"https:\/\/www.redenoticia.com.br\/noticia\/wp-json\/wp\/v2\/posts\/29879","targetHints":{"allow":["GET"]}}],"collection":[{"href":"https:\/\/www.redenoticia.com.br\/noticia\/wp-json\/wp\/v2\/posts"}],"about":[{"href":"https:\/\/www.redenoticia.com.br\/noticia\/wp-json\/wp\/v2\/types\/post"}],"author":[{"embeddable":true,"href":"https:\/\/www.redenoticia.com.br\/noticia\/wp-json\/wp\/v2\/users\/3"}],"replies":[{"embeddable":true,"href":"https:\/\/www.redenoticia.com.br\/noticia\/wp-json\/wp\/v2\/comments?post=29879"}],"version-history":[{"count":0,"href":"https:\/\/www.redenoticia.com.br\/noticia\/wp-json\/wp\/v2\/posts\/29879\/revisions"}],"wp:featuredmedia":[{"embeddable":true,"href":"https:\/\/www.redenoticia.com.br\/noticia\/wp-json\/wp\/v2\/media\/28410"}],"wp:attachment":[{"href":"https:\/\/www.redenoticia.com.br\/noticia\/wp-json\/wp\/v2\/media?parent=29879"}],"wp:term":[{"taxonomy":"category","embeddable":true,"href":"https:\/\/www.redenoticia.com.br\/noticia\/wp-json\/wp\/v2\/categories?post=29879"},{"taxonomy":"post_tag","embeddable":true,"href":"https:\/\/www.redenoticia.com.br\/noticia\/wp-json\/wp\/v2\/tags?post=29879"}],"curies":[{"name":"wp","href":"https:\/\/api.w.org\/{rel}","templated":true}]}}