{"id":29470,"date":"2010-06-16T16:31:24","date_gmt":"2010-06-16T20:31:24","guid":{"rendered":"http:\/\/www.redenoticia.com.br\/noticia\/?p=29470"},"modified":"2010-06-16T16:31:24","modified_gmt":"2010-06-16T20:31:24","slug":"atendimentos-do-sus-serao-modernizados-com-o-programa-nacional-de-banda-larga","status":"publish","type":"post","link":"https:\/\/www.redenoticia.com.br\/noticia\/2010\/atendimentos-do-sus-serao-modernizados-com-o-programa-nacional-de-banda-larga\/29470","title":{"rendered":"Atendimentos do SUS ser\u00e3o modernizados com o Programa Nacional de Banda Larga"},"content":{"rendered":"<p>Todas as centrais estaduais de transplantes j\u00e1 est\u00e3o interligadas; o mesmo acontecer\u00e1 com as unidades do SAMU O Sistema \u00danico de Sa\u00fade (SUS) ser\u00e1 um dos principais benefici\u00e1rios do Programa Nacional de Banda Larga (PNBL), lan\u00e7ado pelo governo para massificar e reduzir os custos da internet de alta velocidade no Brasil. A secret\u00e1ria-executiva do Minist\u00e9rio da Sa\u00fade, M\u00e1rcia Bassit, afirmou que a redu\u00e7\u00e3o dos custos e o alcance do servi\u00e7o a unidades de sa\u00fade das regi\u00f5es mais remotas do Pa\u00eds permitir\u00e3o melhorias e amplia\u00e7\u00e3o dos servi\u00e7os prestados aos usu\u00e1rios do SUS, com maior agilidade no atendimento e a marca\u00e7\u00e3o, online, de consultas, exames e outros procedimentos.  Ser\u00e1 poss\u00edvel tamb\u00e9m massificar o uso da internet para a realiza\u00e7\u00e3o de teleconfer\u00eancias, treinamentos de agentes de sa\u00fade, divulga\u00e7\u00e3o de informa\u00e7\u00f5es sobre preven\u00e7\u00e3o e tratamento de doen\u00e7as. O Departamento de Inform\u00e1tica do Minist\u00e9rio da Sa\u00fade (DATASUS) j\u00e1 est\u00e1 preparado para atender o esperado aumento de demanda por servi\u00e7os de inform\u00e1tica. Segundo o diretor do departamento, Luis Gustavo Loyola, o Minist\u00e9rio da Sa\u00fade investiu R$ 26 milh\u00f5es para ampliar sua rede, de 186 para 700 pontos de conex\u00e3o, e mais R$ 10 milh\u00f5es para aumentar sua capacidade de armazenamento e de processamento de dados. Antes, se pagava os mesmos R$ 26 milh\u00f5es para a manuten\u00e7\u00e3o dos antigos 186 pontos. O Minist\u00e9rio da Sa\u00fade iniciou o processo de moderniza\u00e7\u00e3o tecnol\u00f3gica em 2009. O projeto, em fase final de implanta\u00e7\u00e3o, deixa a infraestrutura de tecnologia em condi\u00e7\u00f5es de atender \u00e0 demanda atual e tamb\u00e9m ao aumento de servi\u00e7os decorrentes da  banda larga. \u201cA moderniza\u00e7\u00e3o da rede exigiu a reconstru\u00e7\u00e3o da arquitetura de servi\u00e7os para permitir a conex\u00e3o com outras redes, como as das secretarias estaduais e municipais de sa\u00fade. A estrutura em implanta\u00e7\u00e3o permite ampliar os servi\u00e7os oferecidos \u00e0 popula\u00e7\u00e3o. Por exemplo, todas as centrais de transplantes est\u00e3o agora conectadas. \u00c9 um ganho para a popula\u00e7\u00e3o\u201d, explica o diretor do DATASUS. Com os 700 pontos de rede de comunica\u00e7\u00e3o, o Minist\u00e9rio consegue atender a todas as suas unidades, que antes n\u00e3o tinham acesso. Al\u00e9m disso, houve migra\u00e7\u00e3o da tecnologia para MPLS, que permite melhor qualidade e racionalidade do servi\u00e7o. Antes toda comunica\u00e7\u00e3o entre os n\u00facleos estaduais de sa\u00fade passava por Bras\u00edlia. Agora, um n\u00facleo pode falar diretamente com outro. \u201cA rede est\u00e1 preparada hoje para interligar todas as centrais do Samu (Servi\u00e7o de Atendimento M\u00f3vel de Urg\u00eancia) para transmiss\u00e3o direta de informa\u00e7\u00f5es \u00e0 central nacional\u201d, informa Loyola. O DATASUS tamb\u00e9m ampliou a banda de acesso \u00e0 internet, que passou de 64 mbps para 128 mpbs, e atualizou os centros de processamento de dados (datacenter) instalados em Bras\u00edlia e Rio. A capacidade de armazenamento do banco de dados passou de 28 para 128 terabites. Com essa atualiza\u00e7\u00e3o, o parque tecnol\u00f3gico, de mais de 100 servidores, passa a ter mais capacidade de processamento. \u201cEstamos preparando a infraestrutura para atender as necessidades do Minist\u00e9rio da Sa\u00fade pelos pr\u00f3ximos tr\u00eas anos\u201d, afirma Loyola.<\/p>\n","protected":false},"excerpt":{"rendered":"<p>Todas as centrais estaduais de transplantes j\u00e1 est\u00e3o interligadas; o mesmo acontecer\u00e1 com as unidades do SAMU O Sistema \u00danico de Sa\u00fade (SUS) ser\u00e1 um dos principais benefici\u00e1rios do Programa Nacional de Banda Larga (PNBL), lan\u00e7ado pelo governo para massificar e reduzir os custos da internet de alta velocidade no Brasil. A secret\u00e1ria-executiva do Minist\u00e9rio [&hellip;]<\/p>\n","protected":false},"author":2,"featured_media":0,"comment_status":"open","ping_status":"open","sticky":false,"template":"","format":"standard","meta":{"_genesis_hide_title":false,"_genesis_hide_breadcrumbs":false,"_genesis_hide_singular_image":false,"_genesis_hide_footer_widgets":false,"_genesis_custom_body_class":"","_genesis_custom_post_class":"","_genesis_layout":"","_jetpack_memberships_contains_paid_content":false,"footnotes":""},"categories":[5],"tags":[],"class_list":{"0":"post-29470","1":"post","2":"type-post","3":"status-publish","4":"format-standard","6":"category-saude-e-vida","7":"entry","8":"gs-1","9":"gs-odd","10":"gs-even","11":"gs-featured-content-entry"},"jetpack_featured_media_url":"","jetpack_sharing_enabled":true,"jetpack_likes_enabled":true,"_links":{"self":[{"href":"https:\/\/www.redenoticia.com.br\/noticia\/wp-json\/wp\/v2\/posts\/29470","targetHints":{"allow":["GET"]}}],"collection":[{"href":"https:\/\/www.redenoticia.com.br\/noticia\/wp-json\/wp\/v2\/posts"}],"about":[{"href":"https:\/\/www.redenoticia.com.br\/noticia\/wp-json\/wp\/v2\/types\/post"}],"author":[{"embeddable":true,"href":"https:\/\/www.redenoticia.com.br\/noticia\/wp-json\/wp\/v2\/users\/2"}],"replies":[{"embeddable":true,"href":"https:\/\/www.redenoticia.com.br\/noticia\/wp-json\/wp\/v2\/comments?post=29470"}],"version-history":[{"count":0,"href":"https:\/\/www.redenoticia.com.br\/noticia\/wp-json\/wp\/v2\/posts\/29470\/revisions"}],"wp:attachment":[{"href":"https:\/\/www.redenoticia.com.br\/noticia\/wp-json\/wp\/v2\/media?parent=29470"}],"wp:term":[{"taxonomy":"category","embeddable":true,"href":"https:\/\/www.redenoticia.com.br\/noticia\/wp-json\/wp\/v2\/categories?post=29470"},{"taxonomy":"post_tag","embeddable":true,"href":"https:\/\/www.redenoticia.com.br\/noticia\/wp-json\/wp\/v2\/tags?post=29470"}],"curies":[{"name":"wp","href":"https:\/\/api.w.org\/{rel}","templated":true}]}}