{"id":2947,"date":"2009-06-15T16:59:51","date_gmt":"2009-06-15T20:59:51","guid":{"rendered":"http:\/\/www.redenoticia.com.br\/noticia\/?p=2947"},"modified":"2009-06-15T17:31:04","modified_gmt":"2009-06-15T21:31:04","slug":"inscricao-para-concurso-universitario-de-jornalismo","status":"publish","type":"post","link":"https:\/\/www.redenoticia.com.br\/noticia\/2009\/inscricao-para-concurso-universitario-de-jornalismo\/2947","title":{"rendered":"Inscri\u00e7\u00e3o para concurso universit\u00e1rio de Jornalismo"},"content":{"rendered":"<p>Mantendo aberto o espa\u00e7o para divulgar o talento dos futuros rep\u00f3rteres e jornalistas brasileiros, a rede CNN International lan\u00e7ou oficialmente no pa\u00eds a quinta edi\u00e7\u00e3o do Concurso Universit\u00e1rio de Jornalismo CNN. Alunos de universidades e faculdades de todo o territ\u00f3rio nacional v\u00e3o poder inscrever, at\u00e9 o dia 29 de junho, mat\u00e9rias de TV que abordem o tema &#8220;O Uso da Tecnologia no Desenvolvimento Social&#8221;. O Concurso Universit\u00e1rio de Jornalismo CNN conta com o apoio do Canal Futura.<\/p>\n<p>A Turner International do Brasil n\u00e3o poderia estar mais satisfeita com o concurso &#8211; que, no ano passado, registrou um aumento de 39% no n\u00famero de inscri\u00e7\u00f5es em rela\u00e7\u00e3o \u00e0 edi\u00e7\u00e3o de 2007. &#8220;Fica cada vez mais claro para n\u00f3s que o concurso entrou definitivamente para o calend\u00e1rio acad\u00eamico do pa\u00eds&#8221;, diz Eliane Munhoz, diretora de comunica\u00e7\u00e3o e marketing da Turner International do Brasil. &#8220;A cada edi\u00e7\u00e3o, a CNN International s\u00f3 reitera o seu comprometimento com o p\u00fablico brasileiro. O tema deste ano n\u00e3o poderia ser mais adequado: com ferramentas como o The Forum e iReport, o jornalismo da CNN est\u00e1 continuamente se adaptando e evoluindo nas mais diversas plataformas enquanto avan\u00e7a a tecnologia. E a CNN sabe muito bem que este \u00e9 um pa\u00eds com uma riqu\u00edssima produ\u00e7\u00e3o tecnol\u00f3gica&#8221;, completa.<\/p>\n<p>As inscri\u00e7\u00f5es para o &#8220;Concurso Universit\u00e1rio de Jornalismo CNN&#8221; devem ser feitas pelo site www.concursocnn.com.br. Para participar, os interessados precisam ser estudantes regularmente matriculados no curso de jornalismo. Os trabalhos dever\u00e3o ser inseridos na conta pessoal do participante no site YouTube (www.youtube.com) e o c\u00f3digo de incorpora\u00e7\u00e3o do v\u00eddeo (embed) dever\u00e1 ser inserido no campo correspondente de cada ficha de inscri\u00e7\u00e3o. Como premia\u00e7\u00e3o, o vencedor ter\u00e1 seu trabalho exibido durante a programa\u00e7\u00e3o da CNN International, al\u00e9m de ganhar uma viagem para conhecer a sede dos est\u00fadios da CNN, em Atlanta, nos Estados Unidos. O j\u00fari que avaliar\u00e1 os trabalhos \u00e9 formado por Her\u00f3doto Barbeiro (TV Cultura e R\u00e1dio CBN), Marcelo Tas (Band e UOL) e L\u00facia Araujo (gerente-geral do Canal Futura).<\/p>\n<p>Mais informa\u00e7\u00f5es podem ser encontradas no site www.concursocnn.com.br.<\/p>\n<p>CNN International \u00e9 a \u00fanica rede global a transmitir not\u00edcias 24 horas por dia, fazendo ampla cobertura jornal\u00edstica por meio dos 32 bureaus mundiais da CNN Worldwide. Programada especificamente para uma audi\u00eancia global, a CNN International possui cinco sinais separados de sat\u00e9lite para a Am\u00e9rica Latina, Europa\/Oriente M\u00e9dio\/\u00c1frica, \u00c1sia\/Pac\u00edfico, Sudeste Asi\u00e1tico e Estados Unidos. A CNN International pode ser vista em mais de 186 milh\u00f5es de resid\u00eancias em mais de 200 pa\u00edses e territ\u00f3rios ao redor do mundo, por meio de uma rede de 38 sat\u00e9lites.<\/p>\n<p>http:\/\/edition.cnn.com\/<\/p>\n","protected":false},"excerpt":{"rendered":"<p>Mantendo aberto o espa\u00e7o para divulgar o talento dos futuros rep\u00f3rteres e jornalistas brasileiros, a rede CNN International lan\u00e7ou oficialmente no pa\u00eds a quinta edi\u00e7\u00e3o do Concurso Universit\u00e1rio de Jornalismo CNN. Alunos de universidades e faculdades de todo o territ\u00f3rio nacional v\u00e3o poder inscrever, at\u00e9 o dia 29 de junho, mat\u00e9rias de TV que abordem [&hellip;]<\/p>\n","protected":false},"author":3,"featured_media":0,"comment_status":"open","ping_status":"open","sticky":false,"template":"","format":"standard","meta":{"_genesis_hide_title":false,"_genesis_hide_breadcrumbs":false,"_genesis_hide_singular_image":false,"_genesis_hide_footer_widgets":false,"_genesis_custom_body_class":"","_genesis_custom_post_class":"","_genesis_layout":"","_jetpack_memberships_contains_paid_content":false,"footnotes":""},"categories":[22],"tags":[],"class_list":{"0":"post-2947","1":"post","2":"type-post","3":"status-publish","4":"format-standard","6":"category-brasil","7":"entry","8":"gs-1","9":"gs-odd","10":"gs-even","11":"gs-featured-content-entry"},"jetpack_featured_media_url":"","jetpack_sharing_enabled":true,"jetpack_likes_enabled":true,"_links":{"self":[{"href":"https:\/\/www.redenoticia.com.br\/noticia\/wp-json\/wp\/v2\/posts\/2947","targetHints":{"allow":["GET"]}}],"collection":[{"href":"https:\/\/www.redenoticia.com.br\/noticia\/wp-json\/wp\/v2\/posts"}],"about":[{"href":"https:\/\/www.redenoticia.com.br\/noticia\/wp-json\/wp\/v2\/types\/post"}],"author":[{"embeddable":true,"href":"https:\/\/www.redenoticia.com.br\/noticia\/wp-json\/wp\/v2\/users\/3"}],"replies":[{"embeddable":true,"href":"https:\/\/www.redenoticia.com.br\/noticia\/wp-json\/wp\/v2\/comments?post=2947"}],"version-history":[{"count":0,"href":"https:\/\/www.redenoticia.com.br\/noticia\/wp-json\/wp\/v2\/posts\/2947\/revisions"}],"wp:attachment":[{"href":"https:\/\/www.redenoticia.com.br\/noticia\/wp-json\/wp\/v2\/media?parent=2947"}],"wp:term":[{"taxonomy":"category","embeddable":true,"href":"https:\/\/www.redenoticia.com.br\/noticia\/wp-json\/wp\/v2\/categories?post=2947"},{"taxonomy":"post_tag","embeddable":true,"href":"https:\/\/www.redenoticia.com.br\/noticia\/wp-json\/wp\/v2\/tags?post=2947"}],"curies":[{"name":"wp","href":"https:\/\/api.w.org\/{rel}","templated":true}]}}