{"id":29460,"date":"2010-06-16T11:03:38","date_gmt":"2010-06-16T15:03:38","guid":{"rendered":"http:\/\/www.redenoticia.com.br\/noticia\/?p=29460"},"modified":"2010-06-16T11:03:38","modified_gmt":"2010-06-16T15:03:38","slug":"semosp-prioriza-iluminacao-no-circuito-da-expojipa","status":"publish","type":"post","link":"https:\/\/www.redenoticia.com.br\/noticia\/2010\/semosp-prioriza-iluminacao-no-circuito-da-expojipa\/29460","title":{"rendered":"Semosp prioriza ilumina\u00e7\u00e3o no circuito da Expojipa"},"content":{"rendered":"<p>A Prefeitura de <strong>Ji-Paran\u00e1<\/strong>, atrav\u00e9s da Secretaria Municipal de Obras e Servi\u00e7os P\u00fablicos (Semosp), vem trabalhando no sentido de eliminar os pontos escuros, provocados por quebra de l\u00e2mpadas ou queima. Depois de recuperar as principais ruas e avenidas do Primeiro Distrito, no momento os funcion\u00e1rios da Prefeitura recuperam as l\u00e2mpadas do circuito da <strong>Expojipa<\/strong>, que engloba a avenida Aracaj\u00fa, Brasil, Teresina, K-5 e T-20. S\u00e3o ruas e avenidas do Segundo Distrito do munic\u00edpio que d\u00e1 acesso ao Parque de Exposi\u00e7\u00f5es Herm\u00ednio Victorelli. O trabalho antecipado visa dar seguran\u00e7a aos mun\u00edcipes que participar\u00e3o da maior festa agropecu\u00e1ria da regi\u00e3o norte. Al\u00e9m da reposi\u00e7\u00e3o de l\u00e2mpadas na cidade, a Semosp concluiu esta semana parte da rua Dr. Osvaldo, nas proximidades do Trevo da Vila Jot\u00e3o, na via de acesso ao Bairro Primavera. Os funcion\u00e1rios da Prefeitura utilizaram paralelep\u00edpedos para recuperar a via e eliminar os buracos oriundos da chuva. Al\u00e9m da pavimenta\u00e7\u00e3o foram confeccionadas canaletas para escoar a \u00e1gua da chuva. O diretor de Obras da Prefeitura, Crispim Reis dos Santos, informou tamb\u00e9m que esta semana ser\u00e3o iniciadas as obras de pavimenta\u00e7\u00e3o com paralelep\u00edpedos na Rua 1\u00ba de Maio, entre as ruas Mato Grosso e Porto Velho, no Bairro Dom Bosco. Os servi\u00e7os ser\u00e3o concentrados nas proximidades da Creche Mirian Trajano.<\/p>\n","protected":false},"excerpt":{"rendered":"<p>A Prefeitura de Ji-Paran\u00e1, atrav\u00e9s da Secretaria Municipal de Obras e Servi\u00e7os P\u00fablicos (Semosp), vem trabalhando no sentido de eliminar os pontos escuros, provocados por quebra de l\u00e2mpadas ou queima. Depois de recuperar as principais ruas e avenidas do Primeiro Distrito, no momento os funcion\u00e1rios da Prefeitura recuperam as l\u00e2mpadas do circuito da Expojipa, que [&hellip;]<\/p>\n","protected":false},"author":2,"featured_media":0,"comment_status":"open","ping_status":"open","sticky":false,"template":"","format":"standard","meta":{"_genesis_hide_title":false,"_genesis_hide_breadcrumbs":false,"_genesis_hide_singular_image":false,"_genesis_hide_footer_widgets":false,"_genesis_custom_body_class":"","_genesis_custom_post_class":"","_genesis_layout":"","_jetpack_memberships_contains_paid_content":false,"footnotes":""},"categories":[22],"tags":[],"class_list":{"0":"post-29460","1":"post","2":"type-post","3":"status-publish","4":"format-standard","6":"category-brasil","7":"entry","8":"gs-1","9":"gs-odd","10":"gs-even","11":"gs-featured-content-entry"},"jetpack_featured_media_url":"","jetpack_sharing_enabled":true,"jetpack_likes_enabled":true,"_links":{"self":[{"href":"https:\/\/www.redenoticia.com.br\/noticia\/wp-json\/wp\/v2\/posts\/29460","targetHints":{"allow":["GET"]}}],"collection":[{"href":"https:\/\/www.redenoticia.com.br\/noticia\/wp-json\/wp\/v2\/posts"}],"about":[{"href":"https:\/\/www.redenoticia.com.br\/noticia\/wp-json\/wp\/v2\/types\/post"}],"author":[{"embeddable":true,"href":"https:\/\/www.redenoticia.com.br\/noticia\/wp-json\/wp\/v2\/users\/2"}],"replies":[{"embeddable":true,"href":"https:\/\/www.redenoticia.com.br\/noticia\/wp-json\/wp\/v2\/comments?post=29460"}],"version-history":[{"count":0,"href":"https:\/\/www.redenoticia.com.br\/noticia\/wp-json\/wp\/v2\/posts\/29460\/revisions"}],"wp:attachment":[{"href":"https:\/\/www.redenoticia.com.br\/noticia\/wp-json\/wp\/v2\/media?parent=29460"}],"wp:term":[{"taxonomy":"category","embeddable":true,"href":"https:\/\/www.redenoticia.com.br\/noticia\/wp-json\/wp\/v2\/categories?post=29460"},{"taxonomy":"post_tag","embeddable":true,"href":"https:\/\/www.redenoticia.com.br\/noticia\/wp-json\/wp\/v2\/tags?post=29460"}],"curies":[{"name":"wp","href":"https:\/\/api.w.org\/{rel}","templated":true}]}}