{"id":29403,"date":"2010-06-14T12:19:04","date_gmt":"2010-06-14T16:19:04","guid":{"rendered":"http:\/\/www.redenoticia.com.br\/noticia\/?p=29403"},"modified":"2010-06-14T12:19:04","modified_gmt":"2010-06-14T16:19:04","slug":"apae-de-ji-parana-recebe-180-mil-de-deputados","status":"publish","type":"post","link":"https:\/\/www.redenoticia.com.br\/noticia\/2010\/apae-de-ji-parana-recebe-180-mil-de-deputados\/29403","title":{"rendered":"Apae de Ji-Paran\u00e1 recebe 180 mil de deputados"},"content":{"rendered":"<p><img loading=\"lazy\" decoding=\"async\" class=\"alignleft size-full wp-image-29404\" title=\"Senador Acir e Deputado Jesualdo na APAE de Ji-Parana\" src=\"https:\/\/www.redenoticia.com.br\/noticia\/imagens\/Senador-Acir-e-Deputado-Jesualdo-na-APAE-de-Ji-Parana.jpg\" alt=\"\" width=\"300\" height=\"225\" srcset=\"https:\/\/www.redenoticia.com.br\/noticia\/imagens\/Senador-Acir-e-Deputado-Jesualdo-na-APAE-de-Ji-Parana.jpg 300w, https:\/\/www.redenoticia.com.br\/noticia\/imagens\/Senador-Acir-e-Deputado-Jesualdo-na-APAE-de-Ji-Parana-250x187.jpg 250w, https:\/\/www.redenoticia.com.br\/noticia\/imagens\/Senador-Acir-e-Deputado-Jesualdo-na-APAE-de-Ji-Parana-150x113.jpg 150w, https:\/\/www.redenoticia.com.br\/noticia\/imagens\/Senador-Acir-e-Deputado-Jesualdo-na-APAE-de-Ji-Parana-265x198.jpg 265w, https:\/\/www.redenoticia.com.br\/noticia\/imagens\/Senador-Acir-e-Deputado-Jesualdo-na-APAE-de-Ji-Parana-149x112.jpg 149w, https:\/\/www.redenoticia.com.br\/noticia\/imagens\/Senador-Acir-e-Deputado-Jesualdo-na-APAE-de-Ji-Parana-249x187.jpg 249w\" sizes=\"auto, (max-width: 300px) 100vw, 300px\" \/>A Associa\u00e7\u00e3o dos Pais e Amigos dos Excepcionais (APAE de Ji-Paran\u00e1) divulgou hoje (14) durante um caf\u00e9 da manh\u00e3 com a imprensa, investimentos na ordem de R$ 180 mil fruto de emendas dos deputados estaduais Jesualdo Pires (PSB) e Euclides Maciel (PSDB). O evento contou ainda com a presen\u00e7a do senador Acir Gurgacz (PDT) e do vereador Enivaldo Soares (PPS), colaboradores da entidade.<\/p>\n<p>Os recursos anunciados pela diretora da APAE, Madalena Penha Moura, s\u00e3o para aquisi\u00e7\u00e3o de aparelhos para o consult\u00f3rio odontol\u00f3gico, equipamentos e reforma da sala de v\u00eddeo-cultura, equipamentos para o laborat\u00f3rio de inform\u00e1tica e instala\u00e7\u00e3o de uma subesta\u00e7\u00e3o de energia el\u00e9trica com pot\u00eancia de 150 kva e instala\u00e7\u00e3o de toda parte el\u00e9trica da unidade de ensino.<\/p>\n<p>Madalena afirmou que a \u201cdemanda da APAE \u00e9 muito grande e por isso h\u00e1 necessidade de apoio da sociedade para que possamos atender mais pessoas. A\u00e7\u00f5es de solidariedade devem ser multiplicadas para que possamos dar atendimento digno a quem precisa\u201d, destacou a presidente.<\/p>\n<p>Jesualdo Pires ressaltou que em seu mandato tem dispensado aten\u00e7\u00e3o especial a APAE, alocando emendas todos os anos para a entidade. \u201cColocamos recursos para custeio das a\u00e7\u00f5es da APAE e tamb\u00e9m para compra de equipamentos. Foram mais de 280 mil durante esses tr\u00eas anos e meio de mandato\u201d, ressaltou.<\/p>\n","protected":false},"excerpt":{"rendered":"<p>A Associa\u00e7\u00e3o dos Pais e Amigos dos Excepcionais (APAE de Ji-Paran\u00e1) divulgou hoje (14) durante um caf\u00e9 da manh\u00e3 com a imprensa, investimentos na ordem de R$ 180 mil fruto de emendas dos deputados estaduais Jesualdo Pires (PSB) e Euclides Maciel (PSDB). O evento contou ainda com a presen\u00e7a do senador Acir Gurgacz (PDT) e [&hellip;]<\/p>\n","protected":false},"author":2,"featured_media":29404,"comment_status":"open","ping_status":"open","sticky":false,"template":"","format":"standard","meta":{"_genesis_hide_title":false,"_genesis_hide_breadcrumbs":false,"_genesis_hide_singular_image":false,"_genesis_hide_footer_widgets":false,"_genesis_custom_body_class":"","_genesis_custom_post_class":"","_genesis_layout":"","_jetpack_memberships_contains_paid_content":false,"footnotes":""},"categories":[388],"tags":[],"class_list":{"0":"post-29403","1":"post","2":"type-post","3":"status-publish","4":"format-standard","5":"has-post-thumbnail","7":"category-destaques","8":"entry","9":"gs-1","10":"gs-odd","11":"gs-even","12":"gs-featured-content-entry"},"jetpack_featured_media_url":"https:\/\/www.redenoticia.com.br\/noticia\/imagens\/Senador-Acir-e-Deputado-Jesualdo-na-APAE-de-Ji-Parana.jpg","jetpack_sharing_enabled":true,"jetpack_likes_enabled":true,"_links":{"self":[{"href":"https:\/\/www.redenoticia.com.br\/noticia\/wp-json\/wp\/v2\/posts\/29403","targetHints":{"allow":["GET"]}}],"collection":[{"href":"https:\/\/www.redenoticia.com.br\/noticia\/wp-json\/wp\/v2\/posts"}],"about":[{"href":"https:\/\/www.redenoticia.com.br\/noticia\/wp-json\/wp\/v2\/types\/post"}],"author":[{"embeddable":true,"href":"https:\/\/www.redenoticia.com.br\/noticia\/wp-json\/wp\/v2\/users\/2"}],"replies":[{"embeddable":true,"href":"https:\/\/www.redenoticia.com.br\/noticia\/wp-json\/wp\/v2\/comments?post=29403"}],"version-history":[{"count":0,"href":"https:\/\/www.redenoticia.com.br\/noticia\/wp-json\/wp\/v2\/posts\/29403\/revisions"}],"wp:featuredmedia":[{"embeddable":true,"href":"https:\/\/www.redenoticia.com.br\/noticia\/wp-json\/wp\/v2\/media\/29404"}],"wp:attachment":[{"href":"https:\/\/www.redenoticia.com.br\/noticia\/wp-json\/wp\/v2\/media?parent=29403"}],"wp:term":[{"taxonomy":"category","embeddable":true,"href":"https:\/\/www.redenoticia.com.br\/noticia\/wp-json\/wp\/v2\/categories?post=29403"},{"taxonomy":"post_tag","embeddable":true,"href":"https:\/\/www.redenoticia.com.br\/noticia\/wp-json\/wp\/v2\/tags?post=29403"}],"curies":[{"name":"wp","href":"https:\/\/api.w.org\/{rel}","templated":true}]}}