{"id":29186,"date":"2010-06-09T12:19:44","date_gmt":"2010-06-09T16:19:44","guid":{"rendered":"http:\/\/www.redenoticia.com.br\/noticia\/?p=29186"},"modified":"2010-06-09T12:19:44","modified_gmt":"2010-06-09T16:19:44","slug":"nilton-cezar-comemora-a-iluminacao-da-maringa","status":"publish","type":"post","link":"https:\/\/www.redenoticia.com.br\/noticia\/2010\/nilton-cezar-comemora-a-iluminacao-da-maringa\/29186","title":{"rendered":"Nilton Cezar comemora a ilumina\u00e7\u00e3o da Maringa"},"content":{"rendered":"<p><span style=\"font-size: small;\"><span style=\"font-family: Tahoma;\"><img loading=\"lazy\" decoding=\"async\" class=\"alignleft size-full wp-image-3068\" title=\"Nilton Cezar\" src=\"https:\/\/www.redenoticia.com.br\/noticia\/imagens\/NiltonCezar.jpg\" alt=\"\" width=\"280\" height=\"187\" \/>O presidente da C\u00e2mara Municipal, vereador Nilton Cezar Rios (PSB), usou a tribuna para agradecer o Executivo por ter atendido sua reivindica\u00e7\u00e3o de iluminar o trecho entre as ruas Maracatiara e Avenida Maring\u00e1 at\u00e9 o est\u00e1dio Bianc\u00e3o, no bairro Nova Bras\u00edlia<\/span><\/span><span style=\"font-size: small;\"><span style=\"font-family: Tahoma;\">, em Ji-Paran\u00e1<\/span><\/span><span style=\"font-size: small;\"><span style=\"font-family: Tahoma;\">.<\/span><\/span><\/p>\n<p><span style=\"font-size: small;\"><span style=\"font-family: Tahoma;\">Nilton Cezar ressaltou que a ilumina\u00e7\u00e3o <\/span><\/span><span style=\"font-size: small;\"><span style=\"font-family: Tahoma;\">\u00e9 essencial para a qualidade de vida da<\/span><\/span><span style=\"font-size: small;\"><span style=\"font-family: Tahoma;\">quela\u00a0 comunidade, e fundamental <\/span><\/span><span style=\"font-size: small;\"><span style=\"font-family: Tahoma;\">para o desenv<\/span><\/span><span style=\"font-size: small;\"><span style=\"font-family: Tahoma;\">olvimento social e econ\u00f4mico do<\/span><\/span><span style=\"font-size: small;\"><span style=\"font-family: Tahoma;\"> munic\u00edpio<\/span><\/span><span style=\"font-size: small;\"><span style=\"font-family: Tahoma;\">.<\/span><\/span><\/p>\n<p><span style=\"font-size: small;\"><span style=\"font-family: Tahoma;\">\u201cSobre tudo \u00e9 fator que contribui para<\/span><\/span><span style=\"font-size: small;\"><span style=\"font-family: Tahoma;\"> seguran\u00e7a p<\/span><\/span><span style=\"font-size: small;\"><span style=\"font-family: Tahoma;\">\u00fablica<\/span><\/span><span style=\"font-size: small;\"><span style=\"font-family: Tahoma;\">, no que se refere ao tr\u00e1fego de ve\u00edculos e de pedestres e \u00e0 preven\u00e7\u00e3o da criminalidade. Al\u00e9m disso, valoriza e ajuda<\/span><\/span><span style=\"font-size: small;\"><span style=\"font-family: Tahoma;\"> a preservar o patrim\u00f4nio da cidade, embelezando e proporcionando atrativos para a utiliza\u00e7\u00e3o noturna em atividades de<\/span><\/span><span style=\"font-size: small;\"><span style=\"font-family: Tahoma;\"> laz<\/span><\/span><span style=\"font-size: small;\"><span style=\"font-family: Tahoma;\">er, com\u00e9rcio e<\/span><\/span><span style=\"font-size: small;\"><span style=\"font-family: Tahoma;\"> cultura<\/span><\/span><span style=\"font-size: small;\"><span style=\"font-family: Tahoma;\">\u201d, ressaltou<\/span><\/span><span style=\"font-size: small;\"><span style=\"font-family: Tahoma;\">.<\/span><\/span><\/p>\n<p><span style=\"font-size: small;\"><span style=\"font-family: Tahoma;\">Nilton Cezar tamb\u00e9m ressaltou os investimentos <\/span><\/span><span style=\"font-size: small;\"><span style=\"font-family: Tahoma;\">no valor de R$ 600 mil <\/span><\/span><span style=\"font-size: small;\"><span style=\"font-family: Tahoma;\">alocados para Ji-Paran\u00e1 pelo deputado fed<\/span><\/span><span style=\"font-size: small;\"><span style=\"font-family: Tahoma;\">eral Mauro Nazif (PSB) em 2010<\/span><\/span><span style=\"font-size: small;\"><span style=\"font-family: Tahoma;\"> para pavimenta\u00e7\u00e3o urbana por bloquetes. <\/span><\/span><\/p>\n<p><span style=\"font-size: small;\"><span style=\"font-family: Tahoma;\">O deputado Mauro tem se mostrado um bom parceiro do munic\u00edpio com sua atua\u00e7\u00e3o parlamentar, colocando emendas para Ji-Paran\u00e1 em todo seu mandado.<\/span><\/span><span style=\"font-size: small;\"><span style=\"font-family: Tahoma;\"> \u201cForam R$ 400 mil em 2007, R$ 750 mil em 2008 e mais R$ 400 mil em <\/span><\/span><span style=\"font-size: small;\"><span style=\"font-family: Tahoma;\">2009\u201d<\/span><\/span><span style=\"font-size: small;\"><span style=\"font-family: Tahoma;\">, disse Nilton, fazendo um breve balan\u00e7o.<\/span><\/span><\/p>\n","protected":false},"excerpt":{"rendered":"<p>O presidente da C\u00e2mara Municipal, vereador Nilton Cezar Rios (PSB), usou a tribuna para agradecer o Executivo por ter atendido sua reivindica\u00e7\u00e3o de iluminar o trecho entre as ruas Maracatiara e Avenida Maring\u00e1 at\u00e9 o est\u00e1dio Bianc\u00e3o, no bairro Nova Bras\u00edlia, em Ji-Paran\u00e1. Nilton Cezar ressaltou que a ilumina\u00e7\u00e3o \u00e9 essencial para a qualidade de [&hellip;]<\/p>\n","protected":false},"author":2,"featured_media":0,"comment_status":"open","ping_status":"open","sticky":false,"template":"","format":"standard","meta":{"_genesis_hide_title":false,"_genesis_hide_breadcrumbs":false,"_genesis_hide_singular_image":false,"_genesis_hide_footer_widgets":false,"_genesis_custom_body_class":"","_genesis_custom_post_class":"","_genesis_layout":"","_jetpack_memberships_contains_paid_content":false,"footnotes":""},"categories":[388],"tags":[],"class_list":{"0":"post-29186","1":"post","2":"type-post","3":"status-publish","4":"format-standard","6":"category-destaques","7":"entry","8":"gs-1","9":"gs-odd","10":"gs-even","11":"gs-featured-content-entry"},"jetpack_featured_media_url":"","jetpack_sharing_enabled":true,"jetpack_likes_enabled":true,"_links":{"self":[{"href":"https:\/\/www.redenoticia.com.br\/noticia\/wp-json\/wp\/v2\/posts\/29186","targetHints":{"allow":["GET"]}}],"collection":[{"href":"https:\/\/www.redenoticia.com.br\/noticia\/wp-json\/wp\/v2\/posts"}],"about":[{"href":"https:\/\/www.redenoticia.com.br\/noticia\/wp-json\/wp\/v2\/types\/post"}],"author":[{"embeddable":true,"href":"https:\/\/www.redenoticia.com.br\/noticia\/wp-json\/wp\/v2\/users\/2"}],"replies":[{"embeddable":true,"href":"https:\/\/www.redenoticia.com.br\/noticia\/wp-json\/wp\/v2\/comments?post=29186"}],"version-history":[{"count":0,"href":"https:\/\/www.redenoticia.com.br\/noticia\/wp-json\/wp\/v2\/posts\/29186\/revisions"}],"wp:attachment":[{"href":"https:\/\/www.redenoticia.com.br\/noticia\/wp-json\/wp\/v2\/media?parent=29186"}],"wp:term":[{"taxonomy":"category","embeddable":true,"href":"https:\/\/www.redenoticia.com.br\/noticia\/wp-json\/wp\/v2\/categories?post=29186"},{"taxonomy":"post_tag","embeddable":true,"href":"https:\/\/www.redenoticia.com.br\/noticia\/wp-json\/wp\/v2\/tags?post=29186"}],"curies":[{"name":"wp","href":"https:\/\/api.w.org\/{rel}","templated":true}]}}