{"id":28985,"date":"2010-06-03T16:33:21","date_gmt":"2010-06-03T20:33:21","guid":{"rendered":"http:\/\/www.redenoticia.com.br\/noticia\/?p=28985"},"modified":"2010-06-03T16:33:50","modified_gmt":"2010-06-03T20:33:50","slug":"concurso-seduc-ro-funcab-%e2%80%93-data-da-prova-e-gabarito","status":"publish","type":"post","link":"https:\/\/www.redenoticia.com.br\/noticia\/2010\/concurso-seduc-ro-funcab-%e2%80%93-data-da-prova-e-gabarito\/28985","title":{"rendered":"Concurso SEDUC RO Funcab \u2013 data da prova e gabarito"},"content":{"rendered":"<p><strong><em><img loading=\"lazy\" decoding=\"async\" class=\"alignleft size-full wp-image-27643\" title=\"concurso funcab inscricao cartao gabarito prova resultado\" src=\"https:\/\/www.redenoticia.com.br\/noticia\/imagens\/concurso-funcab-inscricao-cartao-gabarito-prova-resultado.jpg\" alt=\"\" width=\"300\" height=\"193\" srcset=\"https:\/\/www.redenoticia.com.br\/noticia\/imagens\/concurso-funcab-inscricao-cartao-gabarito-prova-resultado.jpg 300w, https:\/\/www.redenoticia.com.br\/noticia\/imagens\/concurso-funcab-inscricao-cartao-gabarito-prova-resultado-250x160.jpg 250w, https:\/\/www.redenoticia.com.br\/noticia\/imagens\/concurso-funcab-inscricao-cartao-gabarito-prova-resultado-150x96.jpg 150w\" sizes=\"auto, (max-width: 300px) 100vw, 300px\" \/>Concurso SEDUC<\/em><\/strong> RO pela <strong><em>Funcab<\/em><\/strong> \u2013 o Governo de Rond\u00f4nia atrav\u00e9s da Funda\u00e7\u00e3o Carlos Augusto Bittencourt \u2013 FUNCAB, convocou os inscritos no concurso p\u00fablico da SEDUC para realiza\u00e7\u00e3o da <strong><em>Prova<\/em><\/strong> Objetiva em 06\/06\/2010. A divulga\u00e7\u00e3o do <strong><em>gabarito<\/em><\/strong> da Prova Objetiva ser\u00e1 em 08\/06\/2010 no endere\u00e7o eletr\u00f4nico <strong><em><a href=\"http:\/\/ww2.funcab.org\/index.asp?id=118\" target=\"_blank\">www.funcab.org<\/a><\/em><\/strong>.<\/p>\n<p>Segundo o cronograma Concurso SEDUC RO pela Funcab o prazo para a entrega dos recursos contra a Prova Objetiva ser\u00e1 ap\u00f3s a divulga\u00e7\u00e3o do gabarito, de 09 a 10\/06\/2010. A divulga\u00e7\u00e3o da resposta aos recursos contra a Prova Objetiva e divulga\u00e7\u00e3o das notas da Prova Objetiva ser\u00e1 em 17\/06\/2010. A data para entrega dos T\u00edtulos para o Cargo de Psic\u00f3logo Educacional- Suporte Pedag\u00f3gico \u2013\u00a0C\u00f3d. SPD ser\u00e1 18\/06\/2010. A divulga\u00e7\u00e3o do resultado final (exceto para o cargo de Psic\u00f3logo Educacional\/Suporte Pedag\u00f3gico &#8211; c\u00f3d. SPD) e divulga\u00e7\u00e3o das notas dos t\u00edtulos para o cargo de Psic\u00f3logo Educacional\/Suporte Pedag\u00f3gico (C\u00f3d. SPD) est\u00e1 prevista para 28\/06\/2010. Data para pedido de revis\u00e3o da nota dos t\u00edtulos para o cargo SPD &#8211; 29\/06\/2010. Divulga\u00e7\u00e3o da resposta aos pedidos de revis\u00e3o das notas dos t\u00edtulos para o cargo de Psic\u00f3logo Educacional- Suporte Pedag\u00f3gico \u2013 C\u00f3d. SPD &#8211; 09\/07\/2010. Resultado final do cargo de Psic\u00f3logo Educacional\/Suporte Pedag\u00f3gico (C\u00f3d. SPD) &#8211; 14\/07\/2010.<\/p>\n<p>O candidato poder\u00e1 apresentar recurso, devidamente fundamentado, em rela\u00e7\u00e3o ao resultado do gabarito referente a qualquer uma das quest\u00f5es da Prova Objetiva, informando as raz\u00f5es pelas quais discorda do gabarito ou conte\u00fado da quest\u00e3o. O recurso ser\u00e1 dirigido \u00e0 FUNCAB e dever\u00e1 ser interposto no prazo de 02 (dois) dias ap\u00f3s a divulga\u00e7\u00e3o do gabarito oficial. As altera\u00e7\u00f5es de gabarito ou das notas, ap\u00f3s exame dos recursos e\/ou pedido de revis\u00e3o, ser\u00e3o dadas a\u00a0conhecer, coletivamente, pela Internet no portal www.funcab.org, na data prevista no Cronograma.<\/p>\n<p>Concurso SEDUC RO Funcab \u2013 data da prova e gabarito<\/p>\n","protected":false},"excerpt":{"rendered":"<p>Concurso SEDUC RO pela Funcab \u2013 o Governo de Rond\u00f4nia atrav\u00e9s da Funda\u00e7\u00e3o Carlos Augusto Bittencourt \u2013 FUNCAB, convocou os inscritos no concurso p\u00fablico da SEDUC para realiza\u00e7\u00e3o da Prova Objetiva em 06\/06\/2010. A divulga\u00e7\u00e3o do gabarito da Prova Objetiva ser\u00e1 em 08\/06\/2010 no endere\u00e7o eletr\u00f4nico www.funcab.org. Segundo o cronograma Concurso SEDUC RO pela Funcab [&hellip;]<\/p>\n","protected":false},"author":3,"featured_media":27643,"comment_status":"open","ping_status":"open","sticky":false,"template":"","format":"standard","meta":{"_genesis_hide_title":false,"_genesis_hide_breadcrumbs":false,"_genesis_hide_singular_image":false,"_genesis_hide_footer_widgets":false,"_genesis_custom_body_class":"","_genesis_custom_post_class":"","_genesis_layout":"","_jetpack_memberships_contains_paid_content":false,"footnotes":""},"categories":[22,352,388,370],"tags":[],"class_list":{"0":"post-28985","1":"post","2":"type-post","3":"status-publish","4":"format-standard","5":"has-post-thumbnail","7":"category-brasil","8":"category-concursos","9":"category-destaques","10":"category-inscricao","11":"entry","12":"gs-1","13":"gs-odd","14":"gs-even","15":"gs-featured-content-entry"},"jetpack_featured_media_url":"https:\/\/www.redenoticia.com.br\/noticia\/imagens\/concurso-funcab-inscricao-cartao-gabarito-prova-resultado.jpg","jetpack_sharing_enabled":true,"jetpack_likes_enabled":true,"_links":{"self":[{"href":"https:\/\/www.redenoticia.com.br\/noticia\/wp-json\/wp\/v2\/posts\/28985","targetHints":{"allow":["GET"]}}],"collection":[{"href":"https:\/\/www.redenoticia.com.br\/noticia\/wp-json\/wp\/v2\/posts"}],"about":[{"href":"https:\/\/www.redenoticia.com.br\/noticia\/wp-json\/wp\/v2\/types\/post"}],"author":[{"embeddable":true,"href":"https:\/\/www.redenoticia.com.br\/noticia\/wp-json\/wp\/v2\/users\/3"}],"replies":[{"embeddable":true,"href":"https:\/\/www.redenoticia.com.br\/noticia\/wp-json\/wp\/v2\/comments?post=28985"}],"version-history":[{"count":0,"href":"https:\/\/www.redenoticia.com.br\/noticia\/wp-json\/wp\/v2\/posts\/28985\/revisions"}],"wp:featuredmedia":[{"embeddable":true,"href":"https:\/\/www.redenoticia.com.br\/noticia\/wp-json\/wp\/v2\/media\/27643"}],"wp:attachment":[{"href":"https:\/\/www.redenoticia.com.br\/noticia\/wp-json\/wp\/v2\/media?parent=28985"}],"wp:term":[{"taxonomy":"category","embeddable":true,"href":"https:\/\/www.redenoticia.com.br\/noticia\/wp-json\/wp\/v2\/categories?post=28985"},{"taxonomy":"post_tag","embeddable":true,"href":"https:\/\/www.redenoticia.com.br\/noticia\/wp-json\/wp\/v2\/tags?post=28985"}],"curies":[{"name":"wp","href":"https:\/\/api.w.org\/{rel}","templated":true}]}}