{"id":28879,"date":"2010-06-02T11:27:36","date_gmt":"2010-06-02T15:27:36","guid":{"rendered":"http:\/\/www.redenoticia.com.br\/noticia\/?p=28879"},"modified":"2010-06-02T11:27:36","modified_gmt":"2010-06-02T15:27:36","slug":"alunos-do-sonho-meu-sao-destaque-no-judo","status":"publish","type":"post","link":"https:\/\/www.redenoticia.com.br\/noticia\/2010\/alunos-do-sonho-meu-sao-destaque-no-judo\/28879","title":{"rendered":"Alunos do Sonho Meu s\u00e3o destaque no jud\u00f4"},"content":{"rendered":"<p><span style=\"font-size: small;\"><span style=\"font-family: Arial;\"><img loading=\"lazy\" decoding=\"async\" class=\"alignleft size-full wp-image-28880\" title=\"Copa Kodokan de Judo do Colegio Tiradentes\" src=\"https:\/\/www.redenoticia.com.br\/noticia\/imagens\/Copa-Kodokan-de-Judo-do-Colegio-Tiradentes.jpg\" alt=\"\" width=\"300\" height=\"225\" srcset=\"https:\/\/www.redenoticia.com.br\/noticia\/imagens\/Copa-Kodokan-de-Judo-do-Colegio-Tiradentes.jpg 300w, https:\/\/www.redenoticia.com.br\/noticia\/imagens\/Copa-Kodokan-de-Judo-do-Colegio-Tiradentes-250x187.jpg 250w, https:\/\/www.redenoticia.com.br\/noticia\/imagens\/Copa-Kodokan-de-Judo-do-Colegio-Tiradentes-150x113.jpg 150w, https:\/\/www.redenoticia.com.br\/noticia\/imagens\/Copa-Kodokan-de-Judo-do-Colegio-Tiradentes-265x198.jpg 265w, https:\/\/www.redenoticia.com.br\/noticia\/imagens\/Copa-Kodokan-de-Judo-do-Colegio-Tiradentes-149x112.jpg 149w, https:\/\/www.redenoticia.com.br\/noticia\/imagens\/Copa-Kodokan-de-Judo-do-Colegio-Tiradentes-249x187.jpg 249w\" sizes=\"auto, (max-width: 300px) 100vw, 300px\" \/>Alunos de <\/span><\/span><span style=\"font-size: small;\"><span style=\"font-family: Arial;\">jud\u00f4<\/span><\/span><span style=\"font-size: small;\"><span style=\"font-family: Arial;\"> da Funda\u00e7\u00e3o Ji-Cred, Projeto Social Sonho Meu, desenvolvido em Ji-Paran\u00e1, s<\/span><\/span><span style=\"font-size: small;\"><span style=\"font-family: Arial;\">\u00e3o destaque absoluto durante a II Copa Kodokan de Jud\u00f4 do Col\u00e9gio Tiradentes, realizada no \u00faltimo final de semana <\/span><\/span><span style=\"font-size: small;\"><span style=\"font-family: Arial;\">em Porto Velho.<\/span><\/span><span style=\"font-size: small;\"><span style=\"font-family: Arial;\"> Os<\/span><\/span><span style=\"font-size: small;\"><span style=\"font-family: Arial;\"> 21 alunos que participaram da com<\/span><\/span><span style=\"font-size: small;\"><span style=\"font-family: Arial;\">peti\u00e7\u00e3o<\/span><\/span><span style=\"font-size: small;\"><span style=\"font-family: Arial;\"> trouxeram para Ji-Paran\u00e1 18 medalhas de ouro e tr\u00eas de prata.<\/span><\/span><\/p>\n<p><span style=\"font-size: small;\"><span style=\"font-family: Arial;\">Os jovens, acompanhados pelo S<\/span><\/span><span style=\"font-size: small;\"><span style=\"font-family: Arial;\">ensei Paran\u00e1 (Ant\u00f4nio Carlos Ten\u00f3rio) disputaram a competi\u00e7\u00e3o em tr\u00eas categorias: 9 e 10 anos, 11 e 12, e 13 e 14.<\/span><\/span><\/p>\n<p><span style=\"font-size: small;\"><span style=\"font-family: Arial;\">\u201cEstamos muito felizes com o resultado, fomos o destaque desta competi\u00e7\u00e3o. Sabemos que todo o m\u00e9rito \u00e9 do esfor\u00e7o dos nossos alunos e tamb\u00e9m de todo apoio fornecido pela Funda\u00e7\u00e3o Ji-Cred\u201d, comentou Paran\u00e1<\/span><\/span><\/p>\n<p><span style=\"font-size: small;\"><span style=\"font-family: Arial;\">A<\/span><\/span><span style=\"font-size: small;\"><span style=\"font-family: Arial;\">tualmente a Funda\u00e7\u00e3o Ji-Cred atende 200 alunos, em dois turnos, de fam\u00edlias carentes do munic\u00edpio, al\u00e9m da educa\u00e7\u00e3o de jovens e adultos que acontece no per\u00edodo noturno.\u00a0 S\u00e3o oferecidas pr\u00e1ticas esportivas como o jud\u00f4, futebol, voleibol, al\u00e9m de cursos de m\u00fasica, canto, inform\u00e1tica e acompanhamento escolar.<\/span><\/span><\/p>\n<p><span style=\"font-size: small;\"><span style=\"font-family: Arial;\">\u201cAinda somos muito novos na participa\u00e7\u00e3o d<\/span><\/span><span style=\"font-size: small;\"><span style=\"font-family: Arial;\">e competi\u00e7\u00f5es fora do Sonho Meu, m<\/span><\/span><span style=\"font-size: small;\"><span style=\"font-family: Arial;\">as sabemos que \u00e9 de fundamental import\u00e2ncia para o desenvolvimento social <\/span><\/span><span style=\"font-size: small;\"><span style=\"font-family: Arial;\">do<\/span><\/span><span style=\"font-size: small;\"><span style=\"font-family: Arial;\">s<\/span><\/span><span style=\"font-size: small;\"><span style=\"font-family: Arial;\"> nossos<\/span><\/span><span style=\"font-size: small;\"><span style=\"font-family: Arial;\"> jovens a integra\u00e7\u00e3o n<\/span><\/span><span style=\"font-size: small;\"><span style=\"font-family: Arial;\">esse tipo de campeonato. Todo este trabalho tem com principal import\u00e2ncia a contribui\u00e7\u00e3o para uma melhor qualidade de vida dos nossos atletas al\u00e9m de promover a intera\u00e7\u00e3o entre os judocas<\/span><\/span><span style=\"font-size: small;\"><span style=\"font-family: Arial;\">. <\/span><\/span><span style=\"font-size: small;\"><span style=\"font-family: Arial;\">Sabemos que ocupando essas crian\u00e7as e jovens com a pr\u00e1tica de esportes, em um per\u00edodo onde eles n\u00e3o est\u00e3o na escola<\/span><\/span><span style=\"font-size: small;\"><span style=\"font-family: Arial;\">, contribu\u00edmos consideravelmente com a forma\u00e7\u00e3o <\/span><\/span><span style=\"font-size: small;\"><span style=\"font-family: Arial;\">delas,<\/span><\/span><span style=\"font-size: small;\"><span style=\"font-family: Arial;\"> no que se refere principalmente a afast\u00e1-las da criminalidade e das drogas\u201d, salientou Angelita Barbosa, coordenadora pedag\u00f3gica do Sonho Meu.<\/span><\/span><\/p>\n<p><span style=\"font-size: small;\"><span style=\"font-family: Arial;\"> <\/span><\/span><strong><span style=\"font-size: small;\"><span style=\"font-family: Arial;\">Mais resultados positivos<\/span><\/span><\/strong><\/p>\n<p><span style=\"font-size: small;\"><span style=\"font-family: Arial;\"> <\/span><\/span><span style=\"font-size: small;\"><span style=\"font-family: Arial;\">No \u00faltimo m\u00eas de maio, 18 alunos, tamb\u00e9m <\/span><\/span><span style=\"font-size: small;\"><span style=\"font-family: Arial;\">da turma do <\/span><\/span><span style=\"font-size: small;\"><span style=\"font-family: Arial;\">jud\u00f4<\/span><\/span><span style=\"font-size: small;\"><span style=\"font-family: Arial;\"> do Projeto Social Sonho Meu, <\/span><\/span><span style=\"font-size: small;\"><span style=\"font-family: Arial;\">categoria infantil de <\/span><\/span><span style=\"font-size: small;\"><span style=\"font-family: Arial;\">8 a<\/span><\/span><span style=\"font-size: small;\"><span style=\"font-family: Arial;\"> 13 anos, <\/span><\/span><span style=\"font-size: small;\"><span style=\"font-family: Arial;\">estiveram participando <\/span><\/span><span style=\"font-size: small;\"><span style=\"font-family: Arial;\">em Campo Verde<\/span><\/span><span style=\"font-size: small;\"><span style=\"font-family: Arial;\"> (M<\/span><\/span><span style=\"font-size: small;\"><span style=\"font-family: Arial;\">T<\/span><\/span><span style=\"font-size: small;\"><span style=\"font-family: Arial;\">), de uma das etapas do Brasileir\u00e3o<\/span><\/span><span style=\"font-size: small;\"><span style=\"font-family: Arial;\">,<\/span><\/span><span style=\"font-size: small;\"><span style=\"font-family: Arial;\"> que acontecer\u00e1 no per\u00edodo de <\/span><\/span><span style=\"font-size: small;\"><span style=\"font-family: Arial;\">13 a<\/span><\/span><span style=\"font-size: small;\"><span style=\"font-family: Arial;\"> 15 de junho<\/span><\/span><span style=\"font-size: small;\"><span style=\"font-family: Arial;\">, <\/span><\/span><span style=\"font-size: small;\"><span style=\"font-family: Arial;\">em Campo Grande<\/span><\/span><span style=\"font-size: small;\"><span style=\"font-family: Arial;\"> (MS)<\/span><\/span><span style=\"font-size: small;\"><span style=\"font-family: Arial;\">.\u00a0 Este evento contou com a participa\u00e7\u00e3<\/span><\/span><span style=\"font-size: small;\"><span style=\"font-family: Arial;\">o<\/span><\/span><span style=\"font-size: small;\"><span style=\"font-family: Arial;\"> de<\/span><\/span><span style=\"font-size: small;\"><span style=\"font-family: Arial;\"> seis<\/span><\/span><span style=\"font-size: small;\"><span style=\"font-family: Arial;\"> Estados da <\/span><\/span><span style=\"font-size: small;\"><span style=\"font-family: Arial;\">R<\/span><\/span><span style=\"font-size: small;\"><span style=\"font-family: Arial;\">egi\u00e3o Centro Oeste, al\u00e9m de Rond\u00f4nia e Tocantins, sendo uma realiza\u00e7\u00e3o Confedera\u00e7\u00e3o Brasileira de Jud\u00f4, Federa\u00e7\u00e3o do Mato Grosso. <\/span><\/span><span style=\"font-size: small;\"><span style=\"font-family: Arial;\">Os atletas da Funda\u00e7\u00e3o Ji-Cred<\/span><\/span><span style=\"font-size: small;\"><span style=\"font-family: Arial;\"> representaram o munic\u00edpio e o Estado<\/span><\/span><span style=\"font-size: small;\"><span style=\"font-family: Arial;\">. T<\/span><\/span><span style=\"font-size: small;\"><span style=\"font-family: Arial;\">odos <\/span><\/span><span style=\"font-size: small;\"><span style=\"font-family: Arial;\">s\u00e3o<\/span><\/span><span style=\"font-size: small;\"><span style=\"font-family: Arial;\"> filiados da Federa\u00e7\u00e3o de Jud\u00f4 de Rond\u00f4nia, nas mais diversas faixas et\u00e1rias, de diversas categorias do Estado.<\/span><\/span><span style=\"font-size: small;\"><span style=\"font-family: Arial;\"> Nesta etapa foram d<\/span><\/span><span style=\"font-size: small;\"><span style=\"font-family: Arial;\">isputadas 80 categorias (<\/span><\/span><span style=\"font-size: small;\"><span style=\"font-family: Arial;\">m<\/span><\/span><span style=\"font-size: small;\"><span style=\"font-family: Arial;\">asculino<\/span><\/span><span style=\"font-size: small;\"><span style=\"font-family: Arial;\"> e f<\/span><\/span><span style=\"font-size: small;\"><span style=\"font-family: Arial;\">eminino<\/span><\/span><span style=\"font-size: small;\"><span style=\"font-family: Arial;\">\/ i<\/span><\/span><span style=\"font-size: small;\"><span style=\"font-family: Arial;\">nfantil, <\/span><\/span><span style=\"font-size: small;\"><span style=\"font-family: Arial;\">j<\/span><\/span><span style=\"font-size: small;\"><span style=\"font-family: Arial;\">uveni<\/span><\/span><span style=\"font-size: small;\"><span style=\"font-family: Arial;\">l, a<\/span><\/span><span style=\"font-size: small;\"><span style=\"font-family: Arial;\">dulto e <\/span><\/span><span style=\"font-size: small;\"><span style=\"font-family: Arial;\">s<\/span><\/span><span style=\"font-size: small;\"><span style=\"font-family: Arial;\">\u00eanior)<\/span><\/span><span style=\"font-size: small;\"><span style=\"font-family: Arial;\">, perfazendo um total de 648 participantes.<\/span><\/span><\/p>\n<p><span style=\"font-size: small;\"><span style=\"font-family: Arial;\">Da equipe do Sonho Meu foram medalhas de ouro, Paulo Henrique Souza Silva, categoria 28 quilos, de 11 e 12 anos; Jaqueline Figueiredo Frank, tamb\u00e9m de 28 quilos, 11 e 12 anos; e Aline Ferreira, 38 quilos, 11 e 12 anos. Segundo informa\u00e7\u00f5es do Sensei Paran\u00e1, os alunos medalhas de ouro<\/span><\/span><span style=\"font-size: small;\"><span style=\"font-family: Arial;\">, al\u00e9m de classificados para o Brasileir\u00e3o,<\/span><\/span><span style=\"font-size: small;\"><span style=\"font-family: Arial;\"> j\u00e1 est\u00e3o automaticamente classificados para participar do Panamericano, que acontecer\u00e1 nos Estados Unidos<\/span><\/span><span style=\"font-size: small;\"><span style=\"font-family: Arial;\">, e os medalhas de prata est\u00e3o classificados para o Sulamericano, que acontecer\u00e1 em Bogot\u00e1, na <\/span><\/span><span style=\"font-size: small;\"><span style=\"font-family: Arial;\">Col\u00f4mbia<\/span><\/span><span style=\"font-size: small;\"><span style=\"font-family: Arial;\">.<\/span><\/span><\/p>\n","protected":false},"excerpt":{"rendered":"<p>Alunos de jud\u00f4 da Funda\u00e7\u00e3o Ji-Cred, Projeto Social Sonho Meu, desenvolvido em Ji-Paran\u00e1, s\u00e3o destaque absoluto durante a II Copa Kodokan de Jud\u00f4 do Col\u00e9gio Tiradentes, realizada no \u00faltimo final de semana em Porto Velho. Os 21 alunos que participaram da competi\u00e7\u00e3o trouxeram para Ji-Paran\u00e1 18 medalhas de ouro e tr\u00eas de prata. Os jovens, [&hellip;]<\/p>\n","protected":false},"author":2,"featured_media":28880,"comment_status":"open","ping_status":"open","sticky":false,"template":"","format":"standard","meta":{"_genesis_hide_title":false,"_genesis_hide_breadcrumbs":false,"_genesis_hide_singular_image":false,"_genesis_hide_footer_widgets":false,"_genesis_custom_body_class":"","_genesis_custom_post_class":"","_genesis_layout":"","_jetpack_memberships_contains_paid_content":false,"footnotes":""},"categories":[388],"tags":[],"class_list":{"0":"post-28879","1":"post","2":"type-post","3":"status-publish","4":"format-standard","5":"has-post-thumbnail","7":"category-destaques","8":"entry","9":"gs-1","10":"gs-odd","11":"gs-even","12":"gs-featured-content-entry"},"jetpack_featured_media_url":"https:\/\/www.redenoticia.com.br\/noticia\/imagens\/Copa-Kodokan-de-Judo-do-Colegio-Tiradentes.jpg","jetpack_sharing_enabled":true,"jetpack_likes_enabled":true,"_links":{"self":[{"href":"https:\/\/www.redenoticia.com.br\/noticia\/wp-json\/wp\/v2\/posts\/28879","targetHints":{"allow":["GET"]}}],"collection":[{"href":"https:\/\/www.redenoticia.com.br\/noticia\/wp-json\/wp\/v2\/posts"}],"about":[{"href":"https:\/\/www.redenoticia.com.br\/noticia\/wp-json\/wp\/v2\/types\/post"}],"author":[{"embeddable":true,"href":"https:\/\/www.redenoticia.com.br\/noticia\/wp-json\/wp\/v2\/users\/2"}],"replies":[{"embeddable":true,"href":"https:\/\/www.redenoticia.com.br\/noticia\/wp-json\/wp\/v2\/comments?post=28879"}],"version-history":[{"count":0,"href":"https:\/\/www.redenoticia.com.br\/noticia\/wp-json\/wp\/v2\/posts\/28879\/revisions"}],"wp:featuredmedia":[{"embeddable":true,"href":"https:\/\/www.redenoticia.com.br\/noticia\/wp-json\/wp\/v2\/media\/28880"}],"wp:attachment":[{"href":"https:\/\/www.redenoticia.com.br\/noticia\/wp-json\/wp\/v2\/media?parent=28879"}],"wp:term":[{"taxonomy":"category","embeddable":true,"href":"https:\/\/www.redenoticia.com.br\/noticia\/wp-json\/wp\/v2\/categories?post=28879"},{"taxonomy":"post_tag","embeddable":true,"href":"https:\/\/www.redenoticia.com.br\/noticia\/wp-json\/wp\/v2\/tags?post=28879"}],"curies":[{"name":"wp","href":"https:\/\/api.w.org\/{rel}","templated":true}]}}