{"id":2847,"date":"2009-06-13T17:05:55","date_gmt":"2009-06-13T21:05:55","guid":{"rendered":"http:\/\/www.redenoticia.com.br\/noticia\/?p=2847"},"modified":"2009-06-13T17:05:55","modified_gmt":"2009-06-13T21:05:55","slug":"vacina-contra-influenza-a-so-devera-estar-disponivel-a-partir-de-outubro","status":"publish","type":"post","link":"https:\/\/www.redenoticia.com.br\/noticia\/2009\/vacina-contra-influenza-a-so-devera-estar-disponivel-a-partir-de-outubro\/2847","title":{"rendered":"Vacina contra influenza A s\u00f3 dever\u00e1 estar dispon\u00edvel a partir de outubro"},"content":{"rendered":"<p><span class=\"assinatura11\"><\/span><span style=\"font-size: 11pt; font-family: Arial; color: windowtext;\"><span style=\"color: windowtext;\">A vacina contra a influenza A (H1N1) \u2013 a gripe su\u00edna \u2013 s\u00f3 dever\u00e1 ser disponibilizada para uso a partir de outubro<\/span>, ap\u00f3s passar por mais testes. Mesmo assim, o acesso a ela depender\u00e1, ainda, da capacidade e da tecnologia de cada fabricante. A afirma\u00e7\u00e3o foi feita hoje (12) pelo assessor-t\u00e9cnico da Organiza\u00e7\u00e3o Pan-Americana da Sa\u00fade (Opas), Jon Andrus, via teleconfer\u00eancia em Washington, capital norte-americana.<\/p>\n<p>Segundo Andrus, a Opas j\u00e1 convocou o grupo chamado de &#8220;Os S\u00e1bios\u201d, com o objetivo de acelerar o processo de libera\u00e7\u00e3o da vacina para a popula\u00e7\u00e3o. \u201cEles v\u00e3o analisar a situa\u00e7\u00e3o da vacina e identificar as poss\u00edveis brechas existentes nos dados j\u00e1 analisados\u201d, disse o representante da Opas.<\/p>\n<p>Andrus informou que o grupo vai se reunir no dia 7 de julho, em Genebra (Su\u00ed\u00e7a), para dar posi\u00e7\u00e3o sobre os primeiros grupos a serem vacinados. \u201cInforma\u00e7\u00f5es preliminares indicam que ser\u00e3o necess\u00e1rias duas doses da vacina. Mas para ela estar acess\u00edvel \u00e0s popula\u00e7\u00f5es dependeremos da capacidade e da tecnologia de cada fabricante\u201d, disse.<\/p>\n<p><span style=\"color: windowtext;\">Sobre a eleva\u00e7\u00e3o do alerta para o n\u00edvel 6 (pandemia), medida anunciada ontem (12) pela Organiza\u00e7\u00e3o Mundial da Sa\u00fade (OMS)<\/span>, Andrus disse que isso &#8220;nos permite adotar interven\u00e7\u00f5es cont\u00ednuas mais apropriadas, uma vez que a maioria das pandemias duram anos&#8221;.<\/span><\/p>\n<p><span style=\"font-size: 11pt; font-family: Arial; color: windowtext;\">Para o assessor da Opas, a luta contra o v\u00edrus &#8220;\u00e9 uma corrida de maratona&#8221;, e a comunica\u00e7\u00e3o entre os conselhos resultar\u00e1 &#8220;numa maior capacidade de atender com ambi\u00e7\u00e3o \u00e0s necessidades do futuro\u201d. <\/span><\/p>\n<p class=\"MsoNormal\" style=\"margin-bottom: 12pt;\"><span class=\"assinatura11\"><span style=\"font-size: 11pt; font-family: Arial;\">Pedro Peduzzi <\/span><\/span><span style=\"font-size: 11pt; font-family: Arial;\"><br \/>\n<span class=\"assinatura11\"><em><span style=\"font-family: Arial;\">Rep\u00f3rter da Ag\u00eancia Brasil<\/span><\/em><\/span><span class=\"assinatura11\"><span style=\"font-family: Arial;\"> <\/span><\/span><\/span><\/p>\n","protected":false},"excerpt":{"rendered":"<p>A vacina contra a influenza A (H1N1) \u2013 a gripe su\u00edna \u2013 s\u00f3 dever\u00e1 ser disponibilizada para uso a partir de outubro, ap\u00f3s passar por mais testes. Mesmo assim, o acesso a ela depender\u00e1, ainda, da capacidade e da tecnologia de cada fabricante. A afirma\u00e7\u00e3o foi feita hoje (12) pelo assessor-t\u00e9cnico da Organiza\u00e7\u00e3o Pan-Americana da [&hellip;]<\/p>\n","protected":false},"author":3,"featured_media":0,"comment_status":"open","ping_status":"open","sticky":false,"template":"","format":"standard","meta":{"_genesis_hide_title":false,"_genesis_hide_breadcrumbs":false,"_genesis_hide_singular_image":false,"_genesis_hide_footer_widgets":false,"_genesis_custom_body_class":"","_genesis_custom_post_class":"","_genesis_layout":"","_jetpack_memberships_contains_paid_content":false,"footnotes":""},"categories":[22,5],"tags":[],"class_list":{"0":"post-2847","1":"post","2":"type-post","3":"status-publish","4":"format-standard","6":"category-brasil","7":"category-saude-e-vida","8":"entry","9":"gs-1","10":"gs-odd","11":"gs-even","12":"gs-featured-content-entry"},"jetpack_featured_media_url":"","jetpack_sharing_enabled":true,"jetpack_likes_enabled":true,"_links":{"self":[{"href":"https:\/\/www.redenoticia.com.br\/noticia\/wp-json\/wp\/v2\/posts\/2847","targetHints":{"allow":["GET"]}}],"collection":[{"href":"https:\/\/www.redenoticia.com.br\/noticia\/wp-json\/wp\/v2\/posts"}],"about":[{"href":"https:\/\/www.redenoticia.com.br\/noticia\/wp-json\/wp\/v2\/types\/post"}],"author":[{"embeddable":true,"href":"https:\/\/www.redenoticia.com.br\/noticia\/wp-json\/wp\/v2\/users\/3"}],"replies":[{"embeddable":true,"href":"https:\/\/www.redenoticia.com.br\/noticia\/wp-json\/wp\/v2\/comments?post=2847"}],"version-history":[{"count":0,"href":"https:\/\/www.redenoticia.com.br\/noticia\/wp-json\/wp\/v2\/posts\/2847\/revisions"}],"wp:attachment":[{"href":"https:\/\/www.redenoticia.com.br\/noticia\/wp-json\/wp\/v2\/media?parent=2847"}],"wp:term":[{"taxonomy":"category","embeddable":true,"href":"https:\/\/www.redenoticia.com.br\/noticia\/wp-json\/wp\/v2\/categories?post=2847"},{"taxonomy":"post_tag","embeddable":true,"href":"https:\/\/www.redenoticia.com.br\/noticia\/wp-json\/wp\/v2\/tags?post=2847"}],"curies":[{"name":"wp","href":"https:\/\/api.w.org\/{rel}","templated":true}]}}