{"id":27948,"date":"2010-05-14T20:21:06","date_gmt":"2010-05-15T00:21:06","guid":{"rendered":"http:\/\/www.redenoticia.com.br\/noticia\/?p=27948"},"modified":"2010-05-16T19:15:10","modified_gmt":"2010-05-16T23:15:10","slug":"virada-cultural-%e2%80%93-atracoes-percurso-e-roteiro-especial","status":"publish","type":"post","link":"https:\/\/www.redenoticia.com.br\/noticia\/2010\/virada-cultural-%e2%80%93-atracoes-percurso-e-roteiro-especial\/27948","title":{"rendered":"Virada Cultural \u2013 atra\u00e7\u00f5es, percurso e roteiro especial"},"content":{"rendered":"<p><img loading=\"lazy\" decoding=\"async\" class=\"alignleft size-full wp-image-27918\" title=\"virada cultural sp 2010\" src=\"https:\/\/www.redenoticia.com.br\/noticia\/imagens\/virada-cultural-sp-2010.jpg\" alt=\"\" width=\"300\" height=\"193\" srcset=\"https:\/\/www.redenoticia.com.br\/noticia\/imagens\/virada-cultural-sp-2010.jpg 300w, https:\/\/www.redenoticia.com.br\/noticia\/imagens\/virada-cultural-sp-2010-250x160.jpg 250w, https:\/\/www.redenoticia.com.br\/noticia\/imagens\/virada-cultural-sp-2010-150x96.jpg 150w\" sizes=\"auto, (max-width: 300px) 100vw, 300px\" \/>Virada Cultura (atra\u00e7\u00f5es, percurso e roteiro especial)\u00a0&#8211; o\u00a0programa de <strong><em>roteiros<\/em><\/strong> da S\u00e3o Paulo Turismo (SPTuris) em parceria com o Metr\u00f4, o <strong><em>Turismetr\u00f4,<\/em><\/strong> ter\u00e1 um roteiro especial para a <strong><em>Virada Cultural<\/em><\/strong>, al\u00e9m dos seis outros trajetos regulares. Sucesso em edi\u00e7\u00f5es anteriores, essa j\u00e1 \u00e9 a terceira vez que o roteiro especial \u00e9 promovido pela empresa.<\/p>\n<p>O percurso, \u00fanico que \u00e9 noturno, passar\u00e1 por algumas atra\u00e7\u00f5es do evento e, como de costume, ser\u00e1 acompanhado por um guia especializado que narra parte da hist\u00f3ria da cidade, al\u00e9m de uma interven\u00e7\u00e3o art\u00edstica, na Pra\u00e7a do Patriarca.<\/p>\n<p>O roteiro ter\u00e1 sa\u00edda somente no s\u00e1bado, dia 15, em tr\u00eas hor\u00e1rios: \u00e0s 18h, \u00e0s 20h e \u00e0s 22h. Como em todos os roteiros fixos, \u00e9 necess\u00e1rio adquirir os bilhetes no balc\u00e3o do Turismetr\u00f4, que fica da Esta\u00e7\u00e3o S\u00e9, de onde partem os passeios. Para este roteiro, \u00e9 necess\u00e1rio apenas um bilhete, ou seja, o custo \u00e9 de R$ 2,65. Os demais roteiros acontecem normalmente no domingo, \u00e0s 9h (S\u00e9, Paulista e Memorial da Am\u00e9rica Latina) e \u00e0s 14h (S\u00e9, Luz e Memorial do Imigrante). Mais informa\u00e7\u00f5es no site: www.cidadedesaopaulo.com\/turismetro.<\/p>\n<p>Trajeto:<\/p>\n<p>\u00a0Esta\u00e7\u00e3o S\u00e9 rumo \u00e0 Esta\u00e7\u00e3o S\u00e3o Bento de Metr\u00f4<\/p>\n<p>\u00a0Parada no Largo de S\u00e3o Bento<\/p>\n<p>\u00a0Caminhada pela rua S\u00e3o Bento at\u00e9 a Pra\u00e7a Antonio Prado<\/p>\n<p>\u00a0Continuidade pela rua S\u00e3o Bento<\/p>\n<p>\u00a0Largo do Caf\u00e9 at\u00e9 a Pra\u00e7a do Patriarca &#8211; interven\u00e7\u00e3o art\u00edstica (cena do gari)<\/p>\n<p>\u00a0Sa\u00edda na rua Anchieta<\/p>\n<p>\u00a0Pateo do Collegio<\/p>\n<p>\u00a0Retorno \u00e0 Esta\u00e7\u00e3o S\u00e9.<\/p>\n<p>Servi\u00e7o: Turismetr\u00f4 &#8211; Especial Virada Cultural<\/p>\n<p>Data: s\u00e1bado, 15 de maio de 2010.<br \/>\nHor\u00e1rios: das 18h \u00e0s 19h40; das 20h \u00e0s 21h40; das 22h \u00e0s 23h40.<br \/>\nM\u00e1ximo de 2 grupos de 25 participantes cada, por hor\u00e1rio de sa\u00edda.<br \/>\nBilhetes de metr\u00f4 necess\u00e1rios: 1.<br \/>\nOnde adquirir: Esta\u00e7\u00e3o S\u00e9 do Metr\u00f4 &#8211; Balc\u00e3o Turismetr\u00f4<\/p>\n<p>Veja algumas <strong><em>atra\u00e7\u00f5es<\/em><\/strong> da Virada durante o percurso do Turismetr\u00f4 Virada Cultural:<\/p>\n<p>Pra\u00e7a da S\u00e9<\/p>\n<p>Pista S\u00e9<br \/>\n18h &#8211; Jo\u00e3o Fonseca<br \/>\n20h &#8211; Jonas Rosio<br \/>\n22h &#8211; Gui Milani<\/p>\n<p>Catedral da S\u00e9<br \/>\nAcompanhados do m\u00fasico Z\u00e9 Nigro, o Laborg criou a apresenta\u00e7\u00e3o &#8220;Hermes&#8221;. Inspirados pelos textos atribu\u00eddos a Hermes Trimegistus, em especial a T\u00e1bua Esmeraldina (ou T\u00e1bua de Esmeralda), o Laborg volta a discutir as rela\u00e7\u00f5es do mundo macrosc\u00f3pico com o microsc\u00f3pico, em suas texturas, formas e comportamentos. Relacionando imagens de v\u00eddeos e filmes em dom\u00ednio p\u00fablico com imagens geradas pelo Laborg ao vivo, &#8220;Hermes&#8221; explora algumas das leis propostas na T\u00e1bua Esmeraldina. \u00c0s 18h.<\/p>\n<p>Largo de S\u00e3o Bento<\/p>\n<p>O palco \u00e9 do Urban Trash Art (UTA), onde o espa\u00e7o dos artistas \u00e9 a rua. A mat\u00e9ria-prima, o lixo. A fonte de inspira\u00e7\u00e3o, o improviso. &#8220;Ocupa\u00e7\u00e3o de espa\u00e7os p\u00fablicos, arte ef\u00eamera e que sai do lixo, recria\u00e7\u00e3o do que est\u00e1 reinutiliz\u00e1vel&#8221;, como definem os artistas Pado e Rodrigo Machado, que criaram projeto UTA: apropriam-se do lixo urbano para fazer arte.<\/p>\n<p>Pateo do Collegio<\/p>\n<p>Palco do Eu Sozinho<br \/>\n19h -N\u00f4 Stopa<br \/>\n20h30 &#8211; Edvaldo Santana<br \/>\n22h -Swami Jr.<br \/>\n23h30 -Ti\u00e3o Carvalho<\/p>\n<p>Visual Farm<\/p>\n<p>Munidos de um acervo hist\u00f3rico de pinturas e gravuras realizadas por artistas entre os s\u00e9culos 16 e 19, a Visual Farm desenvolve um novo espet\u00e1culo de proje\u00e7\u00f5es para a Virada 2010. O local escolhido \u00e9 simb\u00f3lico: o P\u00e1tio do Col\u00e9gio, marco zero da capital. Utilizando uma t\u00e9cnica conhecida como pintura de luz, a Visual Farm cobre a fachada de 1.000 m\u00b2 do hist\u00f3rico edif\u00edcio paulista com proje\u00e7\u00f5es monumentais e uma trilha sonora cl\u00e1ssica e envolvente. O uso de tecnologia e um estilo de anima\u00e7\u00e3o n\u00e3o narrativa nos transportam n\u00e3o apenas para o passado, mas tamb\u00e9m para um futuro em que a arquitetura antiga pode ser transformada atrav\u00e9s da proje\u00e7\u00e3o de imagens, alterando profundamente suas caracter\u00edsticas visuais sem tocar na sua estrutura f\u00edsica. A partir das 18h.<\/p>\n<p>Virada Cultural promete incrementar ainda mais o turismo em S\u00e3o Paulo<\/p>\n<p>Maior evento na Am\u00e9rica Latina com centenas de atra\u00e7\u00f5es gratuitas acontecendo simultaneamente e durante 24 horas ininterruptas, a j\u00e1 consagrada Virada Cultural se transformou em um \u00edcone paulistano, reunindo milh\u00f5es de pessoas &#8211; paulistanos e turistas &#8211; atra\u00eddos pela diversidade e qualidade das atividades oferecidas.<\/p>\n<p>De acordo com as estimativas do Observat\u00f3rio do Turismo da Cidade de S\u00e3o Paulo (n\u00facleo de estudos e pesquisas da S\u00e3o Paulo Turismo) &#8211; que se baseou em levantamentos oficiais realizados nas cinco \u00faltimas edi\u00e7\u00f5es &#8211; este ano a Virada dever\u00e1 atrair para a capital paulista cerca de 330 mil visitantes, a maioria deles proveniente do interior do Estado. Esse n\u00famero representa um aumento de 10% em rela\u00e7\u00e3o a 2009.<\/p>\n<p>O evento, que est\u00e1 cada vez mais consagrado no Brasil e at\u00e9 mesmo em outros pa\u00edses &#8211; inclusive pautando o notici\u00e1rio internacional &#8211; a Virada deve movimentar em S\u00e3o Paulo em cerca de R$ 115,5 milh\u00f5es somente com o turismo este ano, n\u00famero que coloca o evento como um dos mais relevantes da capital paulista para a atividade tur\u00edstica.<\/p>\n<p>&#8220;A Virada Cultural \u00e9 um dos mais importantes eventos da cidade por v\u00e1rias raz\u00f5es. Al\u00e9m de ser a grande festa da cultura e que leva as pessoas a tomarem a cidade como sua, principalmente o Centro, celebra nossas economias criativas e nossos talentos e mostra que S\u00e3o Paulo \u00e9 diversidade e vanguarda. N\u00e3o \u00e9 \u00e0 toa que foi sucesso desde sua primeira edi\u00e7\u00e3o e, a cada ano, atrai mais e mais turistas vindos de toda parte do pa\u00eds e at\u00e9 mesmo do exterior&#8221;, afirma Caio Luiz de Carvalho, presidente SPTuris, empresa municipal de promo\u00e7\u00e3o tur\u00edstica e eventos que \u00e9 respons\u00e1vel ainda pela infraestrutura da Virada.<\/p>\n<p>Infraestrutura do evento<\/p>\n<p>A Virada Cultural vem neste ano com uma nova formata\u00e7\u00e3o, objetivando principalmente o bem-estar das milh\u00f5es de pessoas que circulam pelas ruas do centro de S\u00e3o Paulo. A dist\u00e2ncia entre os palcos ser\u00e1 maior, o que dar\u00e1 mais mobilidade e fluidez aos participantes. Entre eles, dezenas de trupes perform\u00e1ticas ser\u00e3o respons\u00e1veis pela intera\u00e7\u00e3o com o p\u00fablico e circular\u00e3o pelas ruas, far\u00e3o interven\u00e7\u00f5es em edif\u00edcios em trap\u00e9zios, escadas, viadutos e becos, com apresenta\u00e7\u00f5es inusitadas e surpreendentes.<\/p>\n<p>E para que o p\u00fablico possa melhor se localizar entre as atra\u00e7\u00f5es, ser\u00e3o instalados 80 totens de sinaliza\u00e7\u00e3o em locais estrat\u00e9gicos.<\/p>\n<p>Toda a estrutura ser\u00e1 de grande porte. A regi\u00e3o central da cidade contar\u00e1 com nada menos que 31 espa\u00e7os especialmente montados para a Virada. Cerca de 2 mil pessoas trabalhar\u00e3o na produ\u00e7\u00e3o do evento. O p\u00fablico presente contar\u00e1 com nada menos que 800 mil Watts de pot\u00eancia de som e 10 mil KVAs para ilumina\u00e7\u00e3o.<\/p>\n<p>A seguran\u00e7a e a efici\u00eancia do atendimento m\u00e9dico tamb\u00e9m ser\u00e3o pontos primordiais no evento. Haver\u00e1 uma base de coordena\u00e7\u00e3o, com mapeamento de toda a \u00e1rea da Virada. De l\u00e1, profissionais especializados comandar\u00e3o 200 brigadistas, o deslocamento das 57 ambul\u00e2ncias e 20 UTIs m\u00f3veis, e ainda 800 seguran\u00e7as particulares, prontos para agir a qualquer momento. E tamb\u00e9m centenas de homens da Pol\u00edcia Militar e Guarda Civil Metropolitana garantir\u00e3o a ordem durante a Virada. Postos de Policiamento e tr\u00eas postos m\u00e9dicos estar\u00e3o localizados em pontos estrat\u00e9gicos para atender o p\u00fablico. Ser\u00e3o ainda utilizados 2.400 metros de grades para isolamento e 500 barricadas.<\/p>\n","protected":false},"excerpt":{"rendered":"<p>Virada Cultura (atra\u00e7\u00f5es, percurso e roteiro especial)\u00a0&#8211; o\u00a0programa de roteiros da S\u00e3o Paulo Turismo (SPTuris) em parceria com o Metr\u00f4, o Turismetr\u00f4, ter\u00e1 um roteiro especial para a Virada Cultural, al\u00e9m dos seis outros trajetos regulares. Sucesso em edi\u00e7\u00f5es anteriores, essa j\u00e1 \u00e9 a terceira vez que o roteiro especial \u00e9 promovido pela empresa. O [&hellip;]<\/p>\n","protected":false},"author":3,"featured_media":27918,"comment_status":"open","ping_status":"open","sticky":false,"template":"","format":"standard","meta":{"_genesis_hide_title":false,"_genesis_hide_breadcrumbs":false,"_genesis_hide_singular_image":false,"_genesis_hide_footer_widgets":false,"_genesis_custom_body_class":"","_genesis_custom_post_class":"","_genesis_layout":"","_jetpack_memberships_contains_paid_content":false,"footnotes":""},"categories":[22],"tags":[],"class_list":{"0":"post-27948","1":"post","2":"type-post","3":"status-publish","4":"format-standard","5":"has-post-thumbnail","7":"category-brasil","8":"entry","9":"gs-1","10":"gs-odd","11":"gs-even","12":"gs-featured-content-entry"},"jetpack_featured_media_url":"https:\/\/www.redenoticia.com.br\/noticia\/imagens\/virada-cultural-sp-2010.jpg","jetpack_sharing_enabled":true,"jetpack_likes_enabled":true,"_links":{"self":[{"href":"https:\/\/www.redenoticia.com.br\/noticia\/wp-json\/wp\/v2\/posts\/27948","targetHints":{"allow":["GET"]}}],"collection":[{"href":"https:\/\/www.redenoticia.com.br\/noticia\/wp-json\/wp\/v2\/posts"}],"about":[{"href":"https:\/\/www.redenoticia.com.br\/noticia\/wp-json\/wp\/v2\/types\/post"}],"author":[{"embeddable":true,"href":"https:\/\/www.redenoticia.com.br\/noticia\/wp-json\/wp\/v2\/users\/3"}],"replies":[{"embeddable":true,"href":"https:\/\/www.redenoticia.com.br\/noticia\/wp-json\/wp\/v2\/comments?post=27948"}],"version-history":[{"count":0,"href":"https:\/\/www.redenoticia.com.br\/noticia\/wp-json\/wp\/v2\/posts\/27948\/revisions"}],"wp:featuredmedia":[{"embeddable":true,"href":"https:\/\/www.redenoticia.com.br\/noticia\/wp-json\/wp\/v2\/media\/27918"}],"wp:attachment":[{"href":"https:\/\/www.redenoticia.com.br\/noticia\/wp-json\/wp\/v2\/media?parent=27948"}],"wp:term":[{"taxonomy":"category","embeddable":true,"href":"https:\/\/www.redenoticia.com.br\/noticia\/wp-json\/wp\/v2\/categories?post=27948"},{"taxonomy":"post_tag","embeddable":true,"href":"https:\/\/www.redenoticia.com.br\/noticia\/wp-json\/wp\/v2\/tags?post=27948"}],"curies":[{"name":"wp","href":"https:\/\/api.w.org\/{rel}","templated":true}]}}