{"id":27921,"date":"2010-05-14T16:49:05","date_gmt":"2010-05-14T20:49:05","guid":{"rendered":"http:\/\/www.redenoticia.com.br\/noticia\/?p=27921"},"modified":"2010-05-14T16:49:05","modified_gmt":"2010-05-14T20:49:05","slug":"volkswagen-realiza-feirao-com-promocao-novo-gol","status":"publish","type":"post","link":"https:\/\/www.redenoticia.com.br\/noticia\/2010\/volkswagen-realiza-feirao-com-promocao-novo-gol\/27921","title":{"rendered":"Volkswagen realiza feir\u00e3o com promo\u00e7\u00e3o Novo Gol"},"content":{"rendered":"<p>O <strong><em>feir\u00e3o<\/em><\/strong> que a <strong><em>Volkswagen <\/em><\/strong>do Brasil realizar\u00e1 no pr\u00f3ximo final de semana em SP, RJ e BH, dias 15 e 16 de maio, contar\u00e1 com uma oferta exclusiva: na compra do Novo Gol 1.0 2011, a partir de R$ 28.990,00, o consumidor poder\u00e1 adquirir, por mais R$ 1,00, a dire\u00e7\u00e3o hidr\u00e1ulica e o pacote Trend, que \u00e9 composto por v\u00e1rios itens de conforto e design, como chave tipo canivete, detalhes internos cromados, aerof\u00f3lio, prepara\u00e7\u00e3o para som e antena no teto, supercalotas, entre outros itens.<\/p>\n<p>Os compradores poder\u00e3o, tamb\u00e9m, conhecer a linha 2011, que contar\u00e1 com pre\u00e7os promocionais. Al\u00e9m de conferir as promo\u00e7\u00f5es, os interessados poder\u00e3o fazer um test-drive no Novo CrossFox.<\/p>\n<p>O Gol G4 2011 ter\u00e1 pre\u00e7o a partir de R$ 24.990,00; o Voyage 1.0 2011, a partir de 31.490,00; a Nova Saveiro 2011 ser\u00e1 vendida a partir de R$ 31.390,00; a linha Polo 2011 com ar-condicionado, dire\u00e7\u00e3o hidr\u00e1ulica, vidros, travas e retrovisores el\u00e9tricos e sensor de estacionamento ser\u00e1 ofertada a partir de R$ 46.490,00; o Golf 1.6 2011 poder\u00e1 ser adquirido por R$ 50.790 e o Novo Fox 1.0 2011 ter\u00e1 pre\u00e7o de R$ 32.290,00, com taxa de 0,99% ao m\u00eas, entrada de 30% e pagamento em 36 meses.<\/p>\n<p>Al\u00e9m disso, o feir\u00e3o ofertar\u00e1 as \u00faltimas unidades da linha Volkswagen ainda com redu\u00e7\u00e3o de IPI (Imposto Sobre Produto Industrializado) e o Banco Volkswagen estar\u00e1 presente em todos os locais de compra, com aprova\u00e7\u00e3o imediata.<\/p>\n<p>Feir\u00e3o Volkswagen<\/p>\n<p>Data &#8211; 15 e 16 de maio<\/p>\n","protected":false},"excerpt":{"rendered":"<p>O feir\u00e3o que a Volkswagen do Brasil realizar\u00e1 no pr\u00f3ximo final de semana em SP, RJ e BH, dias 15 e 16 de maio, contar\u00e1 com uma oferta exclusiva: na compra do Novo Gol 1.0 2011, a partir de R$ 28.990,00, o consumidor poder\u00e1 adquirir, por mais R$ 1,00, a dire\u00e7\u00e3o hidr\u00e1ulica e o pacote [&hellip;]<\/p>\n","protected":false},"author":3,"featured_media":0,"comment_status":"open","ping_status":"open","sticky":false,"template":"","format":"standard","meta":{"_genesis_hide_title":false,"_genesis_hide_breadcrumbs":false,"_genesis_hide_singular_image":false,"_genesis_hide_footer_widgets":false,"_genesis_custom_body_class":"","_genesis_custom_post_class":"","_genesis_layout":"","_jetpack_memberships_contains_paid_content":false,"footnotes":""},"categories":[22],"tags":[],"class_list":{"0":"post-27921","1":"post","2":"type-post","3":"status-publish","4":"format-standard","6":"category-brasil","7":"entry","8":"gs-1","9":"gs-odd","10":"gs-even","11":"gs-featured-content-entry"},"jetpack_featured_media_url":"","jetpack_sharing_enabled":true,"jetpack_likes_enabled":true,"_links":{"self":[{"href":"https:\/\/www.redenoticia.com.br\/noticia\/wp-json\/wp\/v2\/posts\/27921","targetHints":{"allow":["GET"]}}],"collection":[{"href":"https:\/\/www.redenoticia.com.br\/noticia\/wp-json\/wp\/v2\/posts"}],"about":[{"href":"https:\/\/www.redenoticia.com.br\/noticia\/wp-json\/wp\/v2\/types\/post"}],"author":[{"embeddable":true,"href":"https:\/\/www.redenoticia.com.br\/noticia\/wp-json\/wp\/v2\/users\/3"}],"replies":[{"embeddable":true,"href":"https:\/\/www.redenoticia.com.br\/noticia\/wp-json\/wp\/v2\/comments?post=27921"}],"version-history":[{"count":0,"href":"https:\/\/www.redenoticia.com.br\/noticia\/wp-json\/wp\/v2\/posts\/27921\/revisions"}],"wp:attachment":[{"href":"https:\/\/www.redenoticia.com.br\/noticia\/wp-json\/wp\/v2\/media?parent=27921"}],"wp:term":[{"taxonomy":"category","embeddable":true,"href":"https:\/\/www.redenoticia.com.br\/noticia\/wp-json\/wp\/v2\/categories?post=27921"},{"taxonomy":"post_tag","embeddable":true,"href":"https:\/\/www.redenoticia.com.br\/noticia\/wp-json\/wp\/v2\/tags?post=27921"}],"curies":[{"name":"wp","href":"https:\/\/api.w.org\/{rel}","templated":true}]}}