{"id":27915,"date":"2010-05-14T16:33:44","date_gmt":"2010-05-14T20:33:44","guid":{"rendered":"http:\/\/www.redenoticia.com.br\/noticia\/?p=27915"},"modified":"2010-05-14T16:33:44","modified_gmt":"2010-05-14T20:33:44","slug":"chevrolet-faz-mega-feirao-na-fabrica-de-sao-caetano-do-sul","status":"publish","type":"post","link":"https:\/\/www.redenoticia.com.br\/noticia\/2010\/chevrolet-faz-mega-feirao-na-fabrica-de-sao-caetano-do-sul\/27915","title":{"rendered":"Chevrolet faz mega-feir\u00e3o na f\u00e1brica de S\u00e3o Caetano do Sul"},"content":{"rendered":"<p><strong><em><span style=\"font-style: normal; font-weight: normal;\"><img loading=\"lazy\" decoding=\"async\" class=\"alignleft size-full wp-image-27667\" title=\"Chevrolet chegada do Malibu ao Brasil\" src=\"https:\/\/www.redenoticia.com.br\/noticia\/imagens\/Chevrolet-chegada-do-Malibu-ao-Brasil.jpg\" alt=\"\" width=\"300\" height=\"193\" srcset=\"https:\/\/www.redenoticia.com.br\/noticia\/imagens\/Chevrolet-chegada-do-Malibu-ao-Brasil.jpg 300w, https:\/\/www.redenoticia.com.br\/noticia\/imagens\/Chevrolet-chegada-do-Malibu-ao-Brasil-250x160.jpg 250w, https:\/\/www.redenoticia.com.br\/noticia\/imagens\/Chevrolet-chegada-do-Malibu-ao-Brasil-150x96.jpg 150w\" sizes=\"auto, (max-width: 300px) 100vw, 300px\" \/><\/span>Feir\u00e3o de F\u00e1brica<\/em><\/strong> &#8211; A <strong><em>Chevrolet<\/em><\/strong> far\u00e1 um mega-feir\u00e3o na f\u00e1brica da General Motors do Brasil, em S\u00e3o Caetano do Sul, nestes pr\u00f3ximos s\u00e1bado e domingo (15 e 16\/05\/2010) e estender\u00e1 sua a\u00e7\u00e3o de varejo para toda a Rede de Concession\u00e1rias da marca em todo o Brasil. Existem dispon\u00edveis para venda e pronta entrega oito mil unidades dos modelos Chevrolet, a maior parte j\u00e1 ano-modelo 2010\/2011.<\/p>\n<p>Dentre as principais ofertas e condi\u00e7\u00f5es oferecidas aos clientes est\u00e3o a possibilidade de financiamentos sem entrada e redu\u00e7\u00e3o de 50% nas 12 primeiras parcelas. Os descontos podem chegar a at\u00e9 R$ 7.000,00. A Chevrolet tamb\u00e9m far\u00e1 feir\u00e3o de f\u00e1brica na unidade da GM em S\u00e3o Jos\u00e9 dos Campos (Regi\u00e3o do Vale do Para\u00edba de S\u00e3o Paulo).<\/p>\n<p>&#8220;A Chevrolet mais uma vez oferece taxas de juros atrativas e bastante competitivas e pre\u00e7os promocionais tanto nos feir\u00f5es da GM em S\u00e3o Caetano do Sul e S\u00e3o Jos\u00e9 dos Campos, al\u00e9m de estender suas ofertas para os quase 600 pontos de vendas da marca em todo o pa\u00eds&#8221;, destaca Jos\u00e9 Carlos Pinheiro Neto, vice-presidente da General Motors do Brasil.<\/p>\n<p>Marcos Munhoz, diretor geral de Marketing e Vendas da Chevrolet, lembra que al\u00e9m da disponibilidade dos ve\u00edculos com planos de financiamentos sem entrada e prazo de pagamento de at\u00e9 60 meses, os clientes tamb\u00e9m contar\u00e3o com a\u00e7\u00f5es promocionais, dando seq\u00fc\u00eancia \u00e0 campanha &#8220;Chevrolet na m\u00e3o&#8221;, por meio da qual, durante a visita \u00e0s concession\u00e1rias, eles poder\u00e3o concorrer a um carro &#8220;zero&#8221; quil\u00f4metro.<\/p>\n<p>Principais ofertas<\/p>\n<p>Para a linha Vectra GT (hatchback) ser\u00e1 oferecido nos financiamentos taxa de juro zero e, para as linhas Prisma, Meriva, Zafira e S10, os clientes contar\u00e3o com uma competitiva taxa de 0,99% ao m\u00eas. Especificamente no feir\u00e3o de f\u00e1brica em S\u00e3o Caetano do Sul, os clientes receber\u00e3o um cheque no valor de R$ 500,00, na avalia\u00e7\u00e3o do ve\u00edculo seminovo utilizado na troca por um Chevrolet novo.<\/p>\n<p>O Classic 2011, que acaba de ser lan\u00e7ado no mercado brasileiro, ser\u00e1 vendido a partir de R$ 26.990,00 e na configura\u00e7\u00e3o com este pre\u00e7o poder\u00e1 ser pago pelo pioneiro programa de financiamento denominado &#8220;Pague F\u00e1cil&#8221;, que prev\u00ea presta\u00e7\u00f5es com valores decrescentes ao longo de todo o per\u00edodo de pagamento do ve\u00edculo, ou seja, o cliente paga menos, m\u00eas a m\u00eas, at\u00e9 quitar o ve\u00edculo, na sexag\u00e9sima presta\u00e7\u00e3o.<\/p>\n<p>Outra oferta \u00e9 o modelo Celta, vers\u00e3o Life, de duas portas, ano-modelo 2010\/2011, que poder\u00e1 ser adquirido pelo pre\u00e7o \u00e0 vista de R$ 24.990,00 &#8211; ou ainda, sem entrada e com plano de financiamento de 12 parcelas de R$ 369,35, mais 48 parcelas de R$ 738,37. Neste modelo o desconto chega a R$ 2.625,00, ou seja, o equivalente a 9,5% do pre\u00e7o anunciado.<\/p>\n<p>Por sua vez o Corsa hatchback 1.4, vers\u00e3o Maxx, ano-modelo 2010\/2011, poder\u00e1 ser comprado \u00e0 vista por R$ 31.490,00, ou ainda sem entrada, 12 presta\u00e7\u00f5es de R$ 465,42, e mais 48 presta\u00e7\u00f5es de R$ 930,42. Este modelo tem um desconto de R$ 1.193,00. A vers\u00e3o Advantage do Astra hatchback 2.0, ano-modelo 2010\/2011, ser\u00e1 vendido \u00e0 vista por R$ 46.490,00, com desconto ao cliente de R$ 820,00.<\/p>\n<p>O Vectra GT Remix 2.0 (hatchback), ano-modelo 2010\/2010, ser\u00e1 oferecido com taxa de juro de zero mes, com 50% entrada e o saldo restante em plano de financiamento com 12 meses para pagamento. E, finalmente, o sed\u00e3 Vectra 2.0 Next Edition, vers\u00e3o Elegance, ano-modelo 2010\/2010 &#8211; ser\u00e1 oferecido pelo pre\u00e7o promocional de R$ 57.990,00, o que equivale a um desconto de R$ 7.049,00, ou seja, 10,84% em rela\u00e7\u00e3o ao pre\u00e7o p\u00fablico sugerido de R$ 65.039,00.<\/p>\n<p>O utilti\u00e1rio esportivo Captiva Sport, ano-modelo 2010\/2010, equipado com motor V6 e com sistema de tra\u00e7\u00e3o AWD, ser\u00e1 vendido pelo pre\u00e7o de R$ 99.990,00.<\/p>\n","protected":false},"excerpt":{"rendered":"<p>Feir\u00e3o de F\u00e1brica &#8211; A Chevrolet far\u00e1 um mega-feir\u00e3o na f\u00e1brica da General Motors do Brasil, em S\u00e3o Caetano do Sul, nestes pr\u00f3ximos s\u00e1bado e domingo (15 e 16\/05\/2010) e estender\u00e1 sua a\u00e7\u00e3o de varejo para toda a Rede de Concession\u00e1rias da marca em todo o Brasil. Existem dispon\u00edveis para venda e pronta entrega oito [&hellip;]<\/p>\n","protected":false},"author":3,"featured_media":0,"comment_status":"open","ping_status":"open","sticky":false,"template":"","format":"standard","meta":{"_genesis_hide_title":false,"_genesis_hide_breadcrumbs":false,"_genesis_hide_singular_image":false,"_genesis_hide_footer_widgets":false,"_genesis_custom_body_class":"","_genesis_custom_post_class":"","_genesis_layout":"","_jetpack_memberships_contains_paid_content":false,"footnotes":""},"categories":[22],"tags":[],"class_list":{"0":"post-27915","1":"post","2":"type-post","3":"status-publish","4":"format-standard","6":"category-brasil","7":"entry","8":"gs-1","9":"gs-odd","10":"gs-even","11":"gs-featured-content-entry"},"jetpack_featured_media_url":"","jetpack_sharing_enabled":true,"jetpack_likes_enabled":true,"_links":{"self":[{"href":"https:\/\/www.redenoticia.com.br\/noticia\/wp-json\/wp\/v2\/posts\/27915","targetHints":{"allow":["GET"]}}],"collection":[{"href":"https:\/\/www.redenoticia.com.br\/noticia\/wp-json\/wp\/v2\/posts"}],"about":[{"href":"https:\/\/www.redenoticia.com.br\/noticia\/wp-json\/wp\/v2\/types\/post"}],"author":[{"embeddable":true,"href":"https:\/\/www.redenoticia.com.br\/noticia\/wp-json\/wp\/v2\/users\/3"}],"replies":[{"embeddable":true,"href":"https:\/\/www.redenoticia.com.br\/noticia\/wp-json\/wp\/v2\/comments?post=27915"}],"version-history":[{"count":0,"href":"https:\/\/www.redenoticia.com.br\/noticia\/wp-json\/wp\/v2\/posts\/27915\/revisions"}],"wp:attachment":[{"href":"https:\/\/www.redenoticia.com.br\/noticia\/wp-json\/wp\/v2\/media?parent=27915"}],"wp:term":[{"taxonomy":"category","embeddable":true,"href":"https:\/\/www.redenoticia.com.br\/noticia\/wp-json\/wp\/v2\/categories?post=27915"},{"taxonomy":"post_tag","embeddable":true,"href":"https:\/\/www.redenoticia.com.br\/noticia\/wp-json\/wp\/v2\/tags?post=27915"}],"curies":[{"name":"wp","href":"https:\/\/api.w.org\/{rel}","templated":true}]}}