{"id":27893,"date":"2010-05-14T20:15:08","date_gmt":"2010-05-15T00:15:08","guid":{"rendered":"http:\/\/www.redenoticia.com.br\/noticia\/?p=27893"},"modified":"2010-05-14T20:45:37","modified_gmt":"2010-05-15T00:45:37","slug":"copa-do-mundo-2010-25-de-marco-anima-a-torcida-brasileira","status":"publish","type":"post","link":"https:\/\/www.redenoticia.com.br\/noticia\/2010\/copa-do-mundo-2010-25-de-marco-anima-a-torcida-brasileira\/27893","title":{"rendered":"Copa do Mundo 2010 &#8211; 25 de Mar\u00e7o anima a torcida brasileira"},"content":{"rendered":"<p><strong><em><img loading=\"lazy\" decoding=\"async\" class=\"alignleft size-full wp-image-27894\" title=\"copa do mundo 2010 selecao brasileira 25 marco\" src=\"https:\/\/www.redenoticia.com.br\/noticia\/imagens\/copa-do-mundo-2010-selecao-brasileira-25-marco.jpg\" alt=\"\" width=\"300\" height=\"193\" srcset=\"https:\/\/www.redenoticia.com.br\/noticia\/imagens\/copa-do-mundo-2010-selecao-brasileira-25-marco.jpg 300w, https:\/\/www.redenoticia.com.br\/noticia\/imagens\/copa-do-mundo-2010-selecao-brasileira-25-marco-250x160.jpg 250w, https:\/\/www.redenoticia.com.br\/noticia\/imagens\/copa-do-mundo-2010-selecao-brasileira-25-marco-150x96.jpg 150w\" sizes=\"auto, (max-width: 300px) 100vw, 300px\" \/>Copa do Mundo 2010<\/em><\/strong> &#8211; a copa est\u00e1 \u00e0s portas e a regi\u00e3o da <strong><em>25 de Mar\u00e7o<\/em><\/strong>, tradicional por ser o reduto dos produtos sazonais, est\u00e1 preparada para a \u00e9poca mais esperada nos \u00faltimos quatro anos. Ali existem dois endere\u00e7os que n\u00e3o podem ser esquecidos por quem quer torcer e dar aquela for\u00e7a para a <strong><em>sele\u00e7\u00e3o brasileira<\/em><\/strong> gastando pouco: Armarinhos Fernando e Semaan. Nestas lojas, o consumidor encontrar\u00e1 diversos itens para agradar todos os gostos e bolsos.<\/p>\n<p>A Armarinhos Fernando, maior rede de lojas da regi\u00e3o, aposta na variedade de itens dispon\u00edveis para atingir a expectativa de vendas de 8% em rela\u00e7\u00e3o a \u00faltima copa. Para isso, disponibilizou uma linha variada de espumas, cornetas, chocalhos, serpentinas, esmaltes, bandeiras e itens de decora\u00e7\u00e3o para deixar a copa muito mais divertida. Entre as op\u00e7\u00f5es tem a tradicional corneta, que faz a alegria da galera a partir de R$1,40. J\u00e1 a bandeira do Brasil, pacote com de unidades custa R$ 1,60, o esmalte Big Universo, nas cores verde, amarelo e azul custam R$1,80 cada e o spray para cabelos, com diversas cores, sai por R$ 3,70.<\/p>\n<p>A Semaan, com duas unidades na regi\u00e3o da 25, usou como estrat\u00e9gia o aumento do seu estoque e projeta crescimento de at\u00e9 15% nas suas vendas trazendo uma variedade de adere\u00e7os como \u00f3culos e perucas, brinquedos, chap\u00e9us e bijuterias. Por isso, l\u00e1 o o consumidor vai encontrar diversos itens em promo\u00e7\u00e3o como os chap\u00e9us a partir de R$ 4,90, acess\u00f3rios para cabelos a partir de R$ 0,49 e adesivos para unha por apenas R$ 0,49 a cartela. Ainda tem an\u00e9is e braceletes com a bandeira do pa\u00eds a partir de R$ 0,89.<\/p>\n<p>SERVI\u00c7O:<\/p>\n<p>Armarinhos Fernando &#8211; SAC 11 2799-8000<br \/>\nwww.armarinhos-fernando.com.br<\/p>\n<p>MATRIZ: R. 25 de Mar\u00e7o, 864\/872<\/p>\n<p>FILIAL 1: R. 25 de Mar\u00e7o, 816<\/p>\n<p>FILIAL 2: R. 25 de Mar\u00e7o, 734<\/p>\n<p>FILIAL 3: R. 25 de Mar\u00e7o, 662<\/p>\n<p>FILIAL 4: R. Carlos S. Nazareth, 251\/259<\/p>\n<p>Comercial Semaan &#8211; SAC 11 3313-7487<\/p>\n<p>www.semaan.com.br<br \/>\nRua Bar\u00e3o de Duprat, 258 &#8211; Mercado<br \/>\nRua Cavalheiro Bas\u00edlio Jafet, 138 &#8211; Mercado<\/p>\n","protected":false},"excerpt":{"rendered":"<p>Copa do Mundo 2010 &#8211; a copa est\u00e1 \u00e0s portas e a regi\u00e3o da 25 de Mar\u00e7o, tradicional por ser o reduto dos produtos sazonais, est\u00e1 preparada para a \u00e9poca mais esperada nos \u00faltimos quatro anos. Ali existem dois endere\u00e7os que n\u00e3o podem ser esquecidos por quem quer torcer e dar aquela for\u00e7a para a [&hellip;]<\/p>\n","protected":false},"author":3,"featured_media":27894,"comment_status":"open","ping_status":"open","sticky":false,"template":"","format":"standard","meta":{"_genesis_hide_title":false,"_genesis_hide_breadcrumbs":false,"_genesis_hide_singular_image":false,"_genesis_hide_footer_widgets":false,"_genesis_custom_body_class":"","_genesis_custom_post_class":"","_genesis_layout":"","_jetpack_memberships_contains_paid_content":false,"footnotes":""},"categories":[22],"tags":[],"class_list":{"0":"post-27893","1":"post","2":"type-post","3":"status-publish","4":"format-standard","5":"has-post-thumbnail","7":"category-brasil","8":"entry","9":"gs-1","10":"gs-odd","11":"gs-even","12":"gs-featured-content-entry"},"jetpack_featured_media_url":"https:\/\/www.redenoticia.com.br\/noticia\/imagens\/copa-do-mundo-2010-selecao-brasileira-25-marco.jpg","jetpack_sharing_enabled":true,"jetpack_likes_enabled":true,"_links":{"self":[{"href":"https:\/\/www.redenoticia.com.br\/noticia\/wp-json\/wp\/v2\/posts\/27893","targetHints":{"allow":["GET"]}}],"collection":[{"href":"https:\/\/www.redenoticia.com.br\/noticia\/wp-json\/wp\/v2\/posts"}],"about":[{"href":"https:\/\/www.redenoticia.com.br\/noticia\/wp-json\/wp\/v2\/types\/post"}],"author":[{"embeddable":true,"href":"https:\/\/www.redenoticia.com.br\/noticia\/wp-json\/wp\/v2\/users\/3"}],"replies":[{"embeddable":true,"href":"https:\/\/www.redenoticia.com.br\/noticia\/wp-json\/wp\/v2\/comments?post=27893"}],"version-history":[{"count":0,"href":"https:\/\/www.redenoticia.com.br\/noticia\/wp-json\/wp\/v2\/posts\/27893\/revisions"}],"wp:featuredmedia":[{"embeddable":true,"href":"https:\/\/www.redenoticia.com.br\/noticia\/wp-json\/wp\/v2\/media\/27894"}],"wp:attachment":[{"href":"https:\/\/www.redenoticia.com.br\/noticia\/wp-json\/wp\/v2\/media?parent=27893"}],"wp:term":[{"taxonomy":"category","embeddable":true,"href":"https:\/\/www.redenoticia.com.br\/noticia\/wp-json\/wp\/v2\/categories?post=27893"},{"taxonomy":"post_tag","embeddable":true,"href":"https:\/\/www.redenoticia.com.br\/noticia\/wp-json\/wp\/v2\/tags?post=27893"}],"curies":[{"name":"wp","href":"https:\/\/api.w.org\/{rel}","templated":true}]}}