{"id":27888,"date":"2010-05-14T11:07:36","date_gmt":"2010-05-14T15:07:36","guid":{"rendered":"http:\/\/www.redenoticia.com.br\/noticia\/?p=27888"},"modified":"2010-05-14T11:08:07","modified_gmt":"2010-05-14T15:08:07","slug":"feirao-caixa-em-sp-atinge-1979-milhoes-de-reais-em-negocios","status":"publish","type":"post","link":"https:\/\/www.redenoticia.com.br\/noticia\/2010\/feirao-caixa-em-sp-atinge-1979-milhoes-de-reais-em-negocios\/27888","title":{"rendered":"Feir\u00e3o Caixa em SP atinge 197,9 milh\u00f5es de reais em neg\u00f3cios"},"content":{"rendered":"<p>A sexta edi\u00e7\u00e3o do <strong><em>Feir\u00e3o CAIXA<\/em><\/strong> da <strong><em>Casa Pr\u00f3pria<\/em><\/strong>, que ocorre at\u00e9 o dia 16 de maio, no Centro de Exposi\u00e7\u00f5es Imigrantes, em S\u00e3o Paulo, est\u00e1 concluindo o primeiro dia com balan\u00e7o positivo. Somente at\u00e9 as 18 horas de hoje, dia 13 (quinta-feira), 14.452 pessoas j\u00e1 haviam visitado o evento e o volume de neg\u00f3cios fechados (contratados e em andamento) alcan\u00e7ou a marca de R$ 197,9 milh\u00f5es.\u00a0<\/p>\n<p>No evento s\u00e3o oferecidos 151.845 im\u00f3veis, no valor de R$ 24,6 bilh\u00f5es. Isso significa um crescimento de 39% em rela\u00e7\u00e3o \u00e0 oferta de 2009, quando foram oferecidas 109 mil unidades. Al\u00e9m da Grande S\u00e3o Paulo, h\u00e1 im\u00f3veis na regi\u00e3o do ABC e na Baixada Santista.<\/p>\n<p>Neste ano, s\u00e3o 51.423 novos ou em constru\u00e7\u00e3o e 100.422 usados. Destaque para os 35.919 im\u00f3veis enquadrados no PMCMV (Programa Minha Casa, Minha Vida).<\/p>\n<p>Servi\u00e7o:<\/p>\n<p>6\u00ba Feir\u00e3o CAIXA da Casa Pr\u00f3pria em S\u00e3o Paulo<br \/>\nLOCAL: CENTRO DE EXPOSI\u00c7\u00d5ES IMIGRANTES (Rodovia dos Imigrantes, Km 1,5 &#8211; \u00c1gua Funda) &#8211; a 850 metros do metr\u00f4 Jabaquara<br \/>\nEspa\u00e7o: 22 mil metros quadrados e mais de 200 estandes<br \/>\nDATA: at\u00e9 16 de maio de 2010<br \/>\nHOR\u00c1RIO: Sexta (14) &#8211; das 10h \u00e0s 21h<br \/>\nS\u00e1bado (15) e Domingo (16) &#8211; das 9h \u00e0s 20h<\/p>\n<p>TRANSPORTE: H\u00e1 micro-\u00f4nibus, tamb\u00e9m gratuitos, saindo da esta\u00e7\u00e3o Jabaquara do Metr\u00f4 at\u00e9 o Centro de Exposi\u00e7\u00f5es Imigrantes (ida\/volta).<\/p>\n<p>Esse servi\u00e7o funcionar\u00e1 todos os dias do Feir\u00e3o, come\u00e7ando uma hora antes da abertura para o p\u00fablico e terminando uma hora ap\u00f3s o encerramento.<\/p>\n<p>ENTRADA: Gratuita<\/p>\n","protected":false},"excerpt":{"rendered":"<p>A sexta edi\u00e7\u00e3o do Feir\u00e3o CAIXA da Casa Pr\u00f3pria, que ocorre at\u00e9 o dia 16 de maio, no Centro de Exposi\u00e7\u00f5es Imigrantes, em S\u00e3o Paulo, est\u00e1 concluindo o primeiro dia com balan\u00e7o positivo. Somente at\u00e9 as 18 horas de hoje, dia 13 (quinta-feira), 14.452 pessoas j\u00e1 haviam visitado o evento e o volume de neg\u00f3cios [&hellip;]<\/p>\n","protected":false},"author":3,"featured_media":0,"comment_status":"open","ping_status":"open","sticky":false,"template":"","format":"standard","meta":{"_genesis_hide_title":false,"_genesis_hide_breadcrumbs":false,"_genesis_hide_singular_image":false,"_genesis_hide_footer_widgets":false,"_genesis_custom_body_class":"","_genesis_custom_post_class":"","_genesis_layout":"","_jetpack_memberships_contains_paid_content":false,"footnotes":""},"categories":[22],"tags":[],"class_list":{"0":"post-27888","1":"post","2":"type-post","3":"status-publish","4":"format-standard","6":"category-brasil","7":"entry","8":"gs-1","9":"gs-odd","10":"gs-even","11":"gs-featured-content-entry"},"jetpack_featured_media_url":"","jetpack_sharing_enabled":true,"jetpack_likes_enabled":true,"_links":{"self":[{"href":"https:\/\/www.redenoticia.com.br\/noticia\/wp-json\/wp\/v2\/posts\/27888","targetHints":{"allow":["GET"]}}],"collection":[{"href":"https:\/\/www.redenoticia.com.br\/noticia\/wp-json\/wp\/v2\/posts"}],"about":[{"href":"https:\/\/www.redenoticia.com.br\/noticia\/wp-json\/wp\/v2\/types\/post"}],"author":[{"embeddable":true,"href":"https:\/\/www.redenoticia.com.br\/noticia\/wp-json\/wp\/v2\/users\/3"}],"replies":[{"embeddable":true,"href":"https:\/\/www.redenoticia.com.br\/noticia\/wp-json\/wp\/v2\/comments?post=27888"}],"version-history":[{"count":0,"href":"https:\/\/www.redenoticia.com.br\/noticia\/wp-json\/wp\/v2\/posts\/27888\/revisions"}],"wp:attachment":[{"href":"https:\/\/www.redenoticia.com.br\/noticia\/wp-json\/wp\/v2\/media?parent=27888"}],"wp:term":[{"taxonomy":"category","embeddable":true,"href":"https:\/\/www.redenoticia.com.br\/noticia\/wp-json\/wp\/v2\/categories?post=27888"},{"taxonomy":"post_tag","embeddable":true,"href":"https:\/\/www.redenoticia.com.br\/noticia\/wp-json\/wp\/v2\/tags?post=27888"}],"curies":[{"name":"wp","href":"https:\/\/api.w.org\/{rel}","templated":true}]}}