{"id":27878,"date":"2010-05-13T17:41:02","date_gmt":"2010-05-13T21:41:02","guid":{"rendered":"http:\/\/www.redenoticia.com.br\/noticia\/?p=27878"},"modified":"2010-05-13T17:41:02","modified_gmt":"2010-05-13T21:41:02","slug":"inss-e-judiciario-buscam-solucoes-para-reduzir-acoes-previdenciarias","status":"publish","type":"post","link":"https:\/\/www.redenoticia.com.br\/noticia\/2010\/inss-e-judiciario-buscam-solucoes-para-reduzir-acoes-previdenciarias\/27878","title":{"rendered":"INSS e Judici\u00e1rio buscam solu\u00e7\u00f5es para reduzir a\u00e7\u00f5es previdenci\u00e1rias"},"content":{"rendered":"<p>Para buscar solu\u00e7\u00f5es nas quest\u00f5es judiciais de maneira mais simples evitando prolongar a dura\u00e7\u00e3o dos <strong><em>processos <\/em><\/strong>nos f\u00f3runs, a Procuradoria Federal Especializada do Instituto Nacional do Seguro Social (<strong><em>INSS<\/em><\/strong>) promove, em Bras\u00edlia, a Semana Nacional de Integra\u00e7\u00e3o com o Poder Judici\u00e1rio, que termina nesta sexta-feira (14\/05). A ideia \u00e9 aproximar os membros do Poder Judici\u00e1rio que lidam com mat\u00e9ria previdenci\u00e1ria e os procuradores federais atuantes nos processos de interesse do INSS.<\/p>\n<p>H\u00e1 muito, o Conselho Nacional de Justi\u00e7a (CNJ) vem discutindo formas de solu\u00e7\u00e3o de conflitos inovadoras para reduzir a judicializa\u00e7\u00e3o. Em 2008, v\u00e1rios Tribunais Regionais Federais do pa\u00eds assinaram acordo com o Conselho Nacional de Justi\u00e7a para acelerar a solu\u00e7\u00e3o de processos relacionados \u00e0 Previd\u00eancia Social. Esses acordos envolvem outros \u00f3rg\u00e3os como a Advocacia Geral da Uni\u00e3o(AGU), a Procuradoria do INSS e os tribunais federais.<\/p>\n<p>O acordo prev\u00ea que processos do INSS em tramita\u00e7\u00e3o na Justi\u00e7a h\u00e1 mais de 10 anos sejam conclu\u00eddos ap\u00f3s levantamento da situa\u00e7\u00e3o de cada um e, na possibilidade de um acordo com a parte interessada, restabelecer ou implementar o benef\u00edcio reivindicado.<\/p>\n<p>Nesse sentido, a Procuradoria Federal Especializada do INSS criou o Programa de Redu\u00e7\u00e3o de Demandas Judiciais, cujo objetivo \u00e9 reduzir a quantidade de a\u00e7\u00f5es ajuizadas contra o INSS atrav\u00e9s da identifica\u00e7\u00e3o de conflitos jur\u00eddicos em mat\u00e9ria previdenci\u00e1ria.<\/p>\n<p>Com o programa, a expectativa da Previd\u00eancia Social \u00e9 aumentar o \u00edndice de concess\u00f5es judiciais do INSS, de 8,39%, registrado em 2009, para 9,76% em 2010, segundo estimativas feitas pela Procuradoria Federal Especializada.<\/p>\n<p>Segundo dados do INSS, por causa da melhoria no atendimento ao cidad\u00e3o, benef\u00edcios como sal\u00e1rio-maternidade e aposentadorias s\u00e3o concedidos em at\u00e9 30 minutos e o tempo m\u00e9dio para a concess\u00e3o de benef\u00edcios, que chegava a 180 dias em 2003, caiu para 24 dias em dezembro do ano passado.<\/p>\n","protected":false},"excerpt":{"rendered":"<p>Para buscar solu\u00e7\u00f5es nas quest\u00f5es judiciais de maneira mais simples evitando prolongar a dura\u00e7\u00e3o dos processos nos f\u00f3runs, a Procuradoria Federal Especializada do Instituto Nacional do Seguro Social (INSS) promove, em Bras\u00edlia, a Semana Nacional de Integra\u00e7\u00e3o com o Poder Judici\u00e1rio, que termina nesta sexta-feira (14\/05). A ideia \u00e9 aproximar os membros do Poder Judici\u00e1rio [&hellip;]<\/p>\n","protected":false},"author":3,"featured_media":0,"comment_status":"open","ping_status":"open","sticky":false,"template":"","format":"standard","meta":{"_genesis_hide_title":false,"_genesis_hide_breadcrumbs":false,"_genesis_hide_singular_image":false,"_genesis_hide_footer_widgets":false,"_genesis_custom_body_class":"","_genesis_custom_post_class":"","_genesis_layout":"","_jetpack_memberships_contains_paid_content":false,"footnotes":""},"categories":[22],"tags":[],"class_list":{"0":"post-27878","1":"post","2":"type-post","3":"status-publish","4":"format-standard","6":"category-brasil","7":"entry","8":"gs-1","9":"gs-odd","10":"gs-even","11":"gs-featured-content-entry"},"jetpack_featured_media_url":"","jetpack_sharing_enabled":true,"jetpack_likes_enabled":true,"_links":{"self":[{"href":"https:\/\/www.redenoticia.com.br\/noticia\/wp-json\/wp\/v2\/posts\/27878","targetHints":{"allow":["GET"]}}],"collection":[{"href":"https:\/\/www.redenoticia.com.br\/noticia\/wp-json\/wp\/v2\/posts"}],"about":[{"href":"https:\/\/www.redenoticia.com.br\/noticia\/wp-json\/wp\/v2\/types\/post"}],"author":[{"embeddable":true,"href":"https:\/\/www.redenoticia.com.br\/noticia\/wp-json\/wp\/v2\/users\/3"}],"replies":[{"embeddable":true,"href":"https:\/\/www.redenoticia.com.br\/noticia\/wp-json\/wp\/v2\/comments?post=27878"}],"version-history":[{"count":0,"href":"https:\/\/www.redenoticia.com.br\/noticia\/wp-json\/wp\/v2\/posts\/27878\/revisions"}],"wp:attachment":[{"href":"https:\/\/www.redenoticia.com.br\/noticia\/wp-json\/wp\/v2\/media?parent=27878"}],"wp:term":[{"taxonomy":"category","embeddable":true,"href":"https:\/\/www.redenoticia.com.br\/noticia\/wp-json\/wp\/v2\/categories?post=27878"},{"taxonomy":"post_tag","embeddable":true,"href":"https:\/\/www.redenoticia.com.br\/noticia\/wp-json\/wp\/v2\/tags?post=27878"}],"curies":[{"name":"wp","href":"https:\/\/api.w.org\/{rel}","templated":true}]}}