{"id":27786,"date":"2010-05-12T17:16:11","date_gmt":"2010-05-12T21:16:11","guid":{"rendered":"http:\/\/www.redenoticia.com.br\/noticia\/?p=27786"},"modified":"2010-05-12T17:16:11","modified_gmt":"2010-05-12T21:16:11","slug":"eleicoes-2010-pv-lanca-pre-candidatura-de-marina-no-rj","status":"publish","type":"post","link":"https:\/\/www.redenoticia.com.br\/noticia\/2010\/eleicoes-2010-pv-lanca-pre-candidatura-de-marina-no-rj\/27786","title":{"rendered":"Elei\u00e7\u00f5es 2010 &#8211; PV lan\u00e7a pr\u00e9-candidatura de Marina no RJ"},"content":{"rendered":"<p><strong><em><img loading=\"lazy\" decoding=\"async\" class=\"alignleft size-full wp-image-27621\" title=\"eleicao 2010 eleicoes candidato pesquisa resultado\" src=\"https:\/\/www.redenoticia.com.br\/noticia\/imagens\/eleicao-2010-eleicoes-candidato-pesquisa-resultado.jpg\" alt=\"\" width=\"300\" height=\"193\" srcset=\"https:\/\/www.redenoticia.com.br\/noticia\/imagens\/eleicao-2010-eleicoes-candidato-pesquisa-resultado.jpg 300w, https:\/\/www.redenoticia.com.br\/noticia\/imagens\/eleicao-2010-eleicoes-candidato-pesquisa-resultado-250x160.jpg 250w, https:\/\/www.redenoticia.com.br\/noticia\/imagens\/eleicao-2010-eleicoes-candidato-pesquisa-resultado-150x96.jpg 150w\" sizes=\"auto, (max-width: 300px) 100vw, 300px\" \/>Elei\u00e7\u00f5es 2010<\/em><\/strong> &#8211; o\u00a0Partido Verde lan\u00e7a neste domingo, dia 16, a pr\u00e9-candidatura de <strong><em>Marina<\/em><\/strong> Silva \u00e0 Presid\u00eancia da Rep\u00fablica em evento em Nova Igua\u00e7u, na Baixada Fluminense. A pr\u00e9-Conven\u00e7\u00e3o do partido ser\u00e1 realizada no Riosampa (rodovia Presidente Dutra, km 177), a partir das 11h. Marina estar\u00e1 ao lado de Fernando Gabeira, pr\u00e9-candidato do PV ao governo do Rio, Alfredo Sirkis, coordenador da pr\u00e9-campanha presidencial, e Asp\u00e1sia Camargo, pr\u00e9-candidata ao Senado pelo Estado do Rio.<\/p>\n<p>&#8220;A Baixada Fluminense simboliza as periferias das grandes cidades brasileiras: abandonadas, repletas de problemas socioambientais, mas palpitantes de esperan\u00e7as. O lugar apropriado para Marina apresentar as suas mensagens&#8221;, afirma Sirkis ao comentar a escolha do local para a festa partid\u00e1ria fora dos grandes centros urbanos.<\/p>\n<p>De acordo com o coordenador da pr\u00e9-campanha presidencial, &#8220;Marina tem uma poderosa mensagem para a popula\u00e7\u00e3o dessas periferias: sua vida e seu exemplo de supera\u00e7\u00e3o. Isso \u00e9 suficiente para diferenci\u00e1-la e estabelecer aquele forte v\u00ednculo de cora\u00e7\u00e3o com a mulher pobre e crist\u00e3, com o trabalhador que perde quatro horas por dia se deslocando ao trabalho, a partir de sua esquecida cidade- dormit\u00f3rio, o jovem de classe m\u00e9dia local, que se v\u00ea privado de equipamentos culturais ou de entretenimento saud\u00e1vel&#8221;.<\/p>\n<p>No in\u00edcio dos trabalhos da pr\u00e9-Conven\u00e7\u00e3o do PV, a presidenci\u00e1vel Marina Silva receber\u00e1 o t\u00edtulo de Cidad\u00e3 Igua\u00e7uense, oferecido pela C\u00e2mara Municipal de Nova Igua\u00e7u.<\/p>\n","protected":false},"excerpt":{"rendered":"<p>Elei\u00e7\u00f5es 2010 &#8211; o\u00a0Partido Verde lan\u00e7a neste domingo, dia 16, a pr\u00e9-candidatura de Marina Silva \u00e0 Presid\u00eancia da Rep\u00fablica em evento em Nova Igua\u00e7u, na Baixada Fluminense. A pr\u00e9-Conven\u00e7\u00e3o do partido ser\u00e1 realizada no Riosampa (rodovia Presidente Dutra, km 177), a partir das 11h. Marina estar\u00e1 ao lado de Fernando Gabeira, pr\u00e9-candidato do PV ao [&hellip;]<\/p>\n","protected":false},"author":3,"featured_media":27621,"comment_status":"open","ping_status":"open","sticky":false,"template":"","format":"standard","meta":{"_genesis_hide_title":false,"_genesis_hide_breadcrumbs":false,"_genesis_hide_singular_image":false,"_genesis_hide_footer_widgets":false,"_genesis_custom_body_class":"","_genesis_custom_post_class":"","_genesis_layout":"","_jetpack_memberships_contains_paid_content":false,"footnotes":""},"categories":[22],"tags":[],"class_list":{"0":"post-27786","1":"post","2":"type-post","3":"status-publish","4":"format-standard","5":"has-post-thumbnail","7":"category-brasil","8":"entry","9":"gs-1","10":"gs-odd","11":"gs-even","12":"gs-featured-content-entry"},"jetpack_featured_media_url":"https:\/\/www.redenoticia.com.br\/noticia\/imagens\/eleicao-2010-eleicoes-candidato-pesquisa-resultado.jpg","jetpack_sharing_enabled":true,"jetpack_likes_enabled":true,"_links":{"self":[{"href":"https:\/\/www.redenoticia.com.br\/noticia\/wp-json\/wp\/v2\/posts\/27786","targetHints":{"allow":["GET"]}}],"collection":[{"href":"https:\/\/www.redenoticia.com.br\/noticia\/wp-json\/wp\/v2\/posts"}],"about":[{"href":"https:\/\/www.redenoticia.com.br\/noticia\/wp-json\/wp\/v2\/types\/post"}],"author":[{"embeddable":true,"href":"https:\/\/www.redenoticia.com.br\/noticia\/wp-json\/wp\/v2\/users\/3"}],"replies":[{"embeddable":true,"href":"https:\/\/www.redenoticia.com.br\/noticia\/wp-json\/wp\/v2\/comments?post=27786"}],"version-history":[{"count":0,"href":"https:\/\/www.redenoticia.com.br\/noticia\/wp-json\/wp\/v2\/posts\/27786\/revisions"}],"wp:featuredmedia":[{"embeddable":true,"href":"https:\/\/www.redenoticia.com.br\/noticia\/wp-json\/wp\/v2\/media\/27621"}],"wp:attachment":[{"href":"https:\/\/www.redenoticia.com.br\/noticia\/wp-json\/wp\/v2\/media?parent=27786"}],"wp:term":[{"taxonomy":"category","embeddable":true,"href":"https:\/\/www.redenoticia.com.br\/noticia\/wp-json\/wp\/v2\/categories?post=27786"},{"taxonomy":"post_tag","embeddable":true,"href":"https:\/\/www.redenoticia.com.br\/noticia\/wp-json\/wp\/v2\/tags?post=27786"}],"curies":[{"name":"wp","href":"https:\/\/api.w.org\/{rel}","templated":true}]}}