{"id":27670,"date":"2010-05-10T17:21:00","date_gmt":"2010-05-10T21:21:00","guid":{"rendered":"http:\/\/www.redenoticia.com.br\/noticia\/?p=27670"},"modified":"2010-05-10T17:21:00","modified_gmt":"2010-05-10T21:21:00","slug":"lancamento-da-familia-de-sabores-em-sp","status":"publish","type":"post","link":"https:\/\/www.redenoticia.com.br\/noticia\/2010\/lancamento-da-familia-de-sabores-em-sp\/27670","title":{"rendered":"Lan\u00e7amento da &#8220;Fam\u00edlia de Sabores&#8221; em SP"},"content":{"rendered":"<p>Linha <strong><em>Fam\u00edlia de Sabores<\/em><\/strong> &#8211; entre os dias 10 e 13 de maio, a Sadia participa da APAS 2010 &#8211; Congresso de Gest\u00e3o e Feira Internacional de Neg\u00f3cios em Supermercados, que acontece no Expo Center Norte, em S\u00e3o Paulo. Na ocasi\u00e3o, a companhia apresenta seus principais lan\u00e7amentos e aproveita para estreitar relacionamento com os supermercadistas de todo o Brasil.<\/p>\n<p>Em um estande localizado entre as ruas 7\/9 PQ, constru\u00eddo com materiais sustent\u00e1veis, a Sadia exp\u00f5e ao mercado a linha Fam\u00edlia de Sabores Sadia que, inspirada na culin\u00e1ria de diferentes pa\u00edses, tem pratos prontos comercializados em edi\u00e7\u00e3o limitada entre abril e julho. Quem for ao evento, poder\u00e1 conferir ainda o lan\u00e7amento Escondidinho Sadia.<\/p>\n<p>Linha Fam\u00edlia de Sabores Sadia<\/p>\n<p>Com sete diferentes produtos, a linha Fam\u00edlia de Sabores Sadia \u00e9 inspirada na culin\u00e1ria de diferentes pa\u00edses e tem o objetivo de representar a diversidade cultural na cozinha e na torcida brasileira. S\u00e3o seis pa\u00edses homenageados com produtos exclusivos, sendo que o Brasil tem dois itens. As embalagens s\u00e3o personalizadas para cada um deles, com ilustra\u00e7\u00e3o que lembra a bandeira do pa\u00eds que inspirou a receita e a foto de cada prato, j\u00e1 preparado.<\/p>\n<p>Representando a It\u00e1lia, a linha traz a Lasanha ao Funghi, preparada com um molho branco especial e cogumelos t\u00edpicos da culin\u00e1ria italiana. J\u00e1 a homenagem \u00e0 Fran\u00e7a \u00e9 feita pelo Penne ao Molho de Queijos, uma massa ao molho branco preparado com os queijos selecionados. Dando um novo sabor \u00e0s pizzas, os Estados Unidos s\u00e3o representados pela Pizza de Pepperoni, com massa macia por dentro, crocante por fora e muito queijo. Para a Inglaterra, a Sadia inova ao lan\u00e7ar os Nuggets@ de Batata Crocante, com um recheio cremoso de batata e empanado com uma casquinha especial feita com Corn Flakes.<\/p>\n<p>Os lanches r\u00e1pidos ganhar\u00e3o um toque oriental: Hot Pocket@ X-Frango Teriyaki, com o tradicional molho japon\u00eas feito \u00e0 base de soja, gergelim e gengibre. Por fim, o Brasil ser\u00e1 representado por dois produtos: um deles \u00e9 o Peda\u00e7os de Frango Assado j\u00e1 temperados com alho e cebola. S\u00e3o coxinhas da asa e meios de asa que j\u00e1 v\u00eam assados ficam prontos no micro-ondas em 7 minutos. O outro item \u00e9 o Hamb\u00farguer sabor Picanha, um hamb\u00farguer maior que o tradicional e feito com carne bovina.<\/p>\n<p>Escondidinho Sadia<\/p>\n<p>A Sadia acaba de ampliar sua linha de pratos prontos com o lan\u00e7amento do Escondidinho congelado. O produto \u00e9 uma inova\u00e7\u00e3o no segmento e foi desenvolvido ap\u00f3s pesquisas que indicaram a aceita\u00e7\u00e3o do prato entre os consumidores brasileiros.<\/p>\n<p>O Escondidinho est\u00e1 dispon\u00edvel em duas vers\u00f5es: carne mo\u00edda com pur\u00ea de batata e frango com pur\u00ea de batata. A novidade ser\u00e1 comercializada em embalagens de 600 gramas, que servem at\u00e9 duas pessoas, podendo ser preparado no forno convencional ou em micro-ondas.<\/p>\n","protected":false},"excerpt":{"rendered":"<p>Linha Fam\u00edlia de Sabores &#8211; entre os dias 10 e 13 de maio, a Sadia participa da APAS 2010 &#8211; Congresso de Gest\u00e3o e Feira Internacional de Neg\u00f3cios em Supermercados, que acontece no Expo Center Norte, em S\u00e3o Paulo. Na ocasi\u00e3o, a companhia apresenta seus principais lan\u00e7amentos e aproveita para estreitar relacionamento com os supermercadistas [&hellip;]<\/p>\n","protected":false},"author":3,"featured_media":0,"comment_status":"open","ping_status":"open","sticky":false,"template":"","format":"standard","meta":{"_genesis_hide_title":false,"_genesis_hide_breadcrumbs":false,"_genesis_hide_singular_image":false,"_genesis_hide_footer_widgets":false,"_genesis_custom_body_class":"","_genesis_custom_post_class":"","_genesis_layout":"","_jetpack_memberships_contains_paid_content":false,"footnotes":""},"categories":[22],"tags":[],"class_list":{"0":"post-27670","1":"post","2":"type-post","3":"status-publish","4":"format-standard","6":"category-brasil","7":"entry","8":"gs-1","9":"gs-odd","10":"gs-even","11":"gs-featured-content-entry"},"jetpack_featured_media_url":"","jetpack_sharing_enabled":true,"jetpack_likes_enabled":true,"_links":{"self":[{"href":"https:\/\/www.redenoticia.com.br\/noticia\/wp-json\/wp\/v2\/posts\/27670","targetHints":{"allow":["GET"]}}],"collection":[{"href":"https:\/\/www.redenoticia.com.br\/noticia\/wp-json\/wp\/v2\/posts"}],"about":[{"href":"https:\/\/www.redenoticia.com.br\/noticia\/wp-json\/wp\/v2\/types\/post"}],"author":[{"embeddable":true,"href":"https:\/\/www.redenoticia.com.br\/noticia\/wp-json\/wp\/v2\/users\/3"}],"replies":[{"embeddable":true,"href":"https:\/\/www.redenoticia.com.br\/noticia\/wp-json\/wp\/v2\/comments?post=27670"}],"version-history":[{"count":0,"href":"https:\/\/www.redenoticia.com.br\/noticia\/wp-json\/wp\/v2\/posts\/27670\/revisions"}],"wp:attachment":[{"href":"https:\/\/www.redenoticia.com.br\/noticia\/wp-json\/wp\/v2\/media?parent=27670"}],"wp:term":[{"taxonomy":"category","embeddable":true,"href":"https:\/\/www.redenoticia.com.br\/noticia\/wp-json\/wp\/v2\/categories?post=27670"},{"taxonomy":"post_tag","embeddable":true,"href":"https:\/\/www.redenoticia.com.br\/noticia\/wp-json\/wp\/v2\/tags?post=27670"}],"curies":[{"name":"wp","href":"https:\/\/api.w.org\/{rel}","templated":true}]}}