{"id":27666,"date":"2010-05-10T17:17:51","date_gmt":"2010-05-10T21:17:51","guid":{"rendered":"http:\/\/www.redenoticia.com.br\/noticia\/?p=27666"},"modified":"2010-05-10T17:17:51","modified_gmt":"2010-05-10T21:17:51","slug":"chevrolet-confirma-a-chegada-do-malibu-ao-brasil","status":"publish","type":"post","link":"https:\/\/www.redenoticia.com.br\/noticia\/2010\/chevrolet-confirma-a-chegada-do-malibu-ao-brasil\/27666","title":{"rendered":"Chevrolet confirma a chegada do Malibu ao Brasil"},"content":{"rendered":"<p><img loading=\"lazy\" decoding=\"async\" class=\"alignleft size-full wp-image-27667\" title=\"Chevrolet chegada do Malibu ao Brasil\" src=\"https:\/\/www.redenoticia.com.br\/noticia\/imagens\/Chevrolet-chegada-do-Malibu-ao-Brasil.jpg\" alt=\"\" width=\"300\" height=\"193\" srcset=\"https:\/\/www.redenoticia.com.br\/noticia\/imagens\/Chevrolet-chegada-do-Malibu-ao-Brasil.jpg 300w, https:\/\/www.redenoticia.com.br\/noticia\/imagens\/Chevrolet-chegada-do-Malibu-ao-Brasil-250x160.jpg 250w, https:\/\/www.redenoticia.com.br\/noticia\/imagens\/Chevrolet-chegada-do-Malibu-ao-Brasil-150x96.jpg 150w\" sizes=\"auto, (max-width: 300px) 100vw, 300px\" \/>A <strong><em>Chevrolet<\/em><\/strong> acaba de confirmar a chegada do <strong><em>Malibu<\/em><\/strong> ao Brasil, na segunda quinzena do m\u00eas de junho. O modelo, um dos mais premiados dos Estados Unidos, ser\u00e1 comercializado nas 570 concession\u00e1rias da marca e prima pela sofistica\u00e7\u00e3o: tem design refinado, com a grade frontal que exibe o novo DNA global da Chevrolet, e importantes diferenciais, como espa\u00e7o interno, acabamento e equipamentos in\u00e9ditos para o seu segmento no mercado brasileiro.<\/p>\n<p>Com um design clean, o Malibu apresenta um estilo cl\u00e1ssico e elegante. Na dianteira, o sed\u00e3 chama a aten\u00e7\u00e3o por apresentar a nova identidade dos ve\u00edculos Chevrolet, inaugurada por ele. Ou seja, a grade do radiador como um elemento trapezoidal secionada por uma barra horizontal onde \u00e9 aplicada a gravata dourada, s\u00edmbolo da marca. A robusta frente do Malibu est\u00e1 perfeitamente integrada \u00e0 lateral do carro atrav\u00e9s dos far\u00f3is esculturais.<\/p>\n<p>Suas linhas ainda tiveram inspira\u00e7\u00e3o em outro \u00edcone: o Corvette. Na traseira, os dois c\u00edrculos que comp\u00f5em as lanternas \u2013 a posi\u00e7\u00e3o e o espa\u00e7amento \u2013 seguiram o mesmo layout j\u00e1 aplicado em gera\u00e7\u00f5es passadas do super esportivo. Os detalhes cromados da carroceria, como ma\u00e7anetas, os frisos que acompanham a soleira das portas e a ponteira de escape, garantem o toque de eleg\u00e2ncia necess\u00e1rio a um sed\u00e3 desta categoria. Completam o visual as belas rodas de alum\u00ednio aro 18, cal\u00e7adas com pneus 225\/50 R18.<\/p>\n<p>&#8220;A Chevrolet tem uma trajet\u00f3ria de sucesso nos sed\u00e3s. Com o Malibu n\u00e3o ser\u00e1 diferente, j\u00e1 que se trata de um modelo com diversos diferenciais, como a maior rede de concession\u00e1rias da categoria, garantindo tranquilidade e seguran\u00e7a aos clientes da marca\u201d, diz Jos\u00e9 Carlos Pinheiro Neto, vice-presidente da GM do Brasil.<\/p>\n<p>Equipamentos exclusivos para o segmento<\/p>\n<p>O Cheverolet Malibu ser\u00e1 comercializado em vers\u00e3o \u00fanica, a LTZ, que, al\u00e9m de uma vasta lista de itens de s\u00e9rie, vem equipado com uma in\u00e9dita combina\u00e7\u00e3o para ao segmento: o motor Ecotec 2.4 litros de quatro cilindros e o c\u00e2mbio autom\u00e1tico\/sequencial de seis velocidades, com a op\u00e7\u00e3o de trocas de marchas por meio de comandos no volante.<\/p>\n<p>Em sua \u00faltima avalia\u00e7\u00e3o pelo National Highway Traffic Administartion (NHTSA), \u00f3rg\u00e3o norte-americano voltado para a seguran\u00e7a dos ocupantes de ve\u00edculos e pedestres, o Chevrolet Malibu foi altamente recomendado em v\u00e1rios itens e \u00e9 um dos l\u00edderes do segmento nesse item.<\/p>\n<p>&#8220;A aceita\u00e7\u00e3o e os diversos pr\u00eamios do Malibu nos Estados Unidos t\u00eam sido acima das expectativas e se trata de um dos carros que refor\u00e7am a imagem da marca Chevrolet. Aqui no Brasil, o carro ter\u00e1 como alvo os consumidores que gostam de exclusividade, conforto e um conte\u00fado diferenciado&#8221;, afirma Jaime Ardila, presidente da General Motors do Brasil e Mercosul.<\/p>\n<p>O Chevrolet Malibu, que faz parte do segmento dos sed\u00e3s grandes, tem posicionamento de mercado entre o Vectra Sed\u00e3 e o Omega e ser\u00e1 o 19\u00ba modelo da linha Chevrolet no Brasil, que hoje \u00e9 formada pelos modelos Celta, Classic, Prisma, Corsa Sed\u00e3 e Hatchback, Agile, Astra Sed\u00e3 e Hatchback, Vectra Sed\u00e3 e Vectra GT (hatchback), Meriva, Zafira, as picapes Montana e S10 cabines simples e dupla, os utilit\u00e1rios-esportivos Blazer, Captiva (Sport Ecotec e Sport V6) e o sed\u00e3 de luxo Omega.<\/p>\n<p>A General Motors, um dos maiores fabricantes de ve\u00edculos do mundo, tem origem em 1908. Com sede global em Detroit, a GM emprega 217.000 pessoas nas principais regi\u00f5es do mundo e tem opera\u00e7\u00f5es em 140 pa\u00edses. A GM, com seus parceiros estrat\u00e9gicos, produz ve\u00edculos em 34 pa\u00edses, vendendo e proporcionando servi\u00e7os para estes ve\u00edculos atrav\u00e9s das seguintes marcas: Buick, Cadillac, Chevrolet, FAW, GMC, GM Daewoo, Holden, Opel, Vauxhall e Wuling. O maior mercado da GM \u00e9 o dos Estados Unidos, seguido de China, Brasil, Alemanha, Reino Unido, Canad\u00e1 e It\u00e1lia. No Brasil a GM fabrica e comercializa ve\u00edculos com a marca Chevrolet h\u00e1 85 anos. Em 2009 a Chevrolet registrou recorde hist\u00f3rico de vendas no pa\u00eds com o volume de 595.536 ve\u00edculos. A companhia tem tr\u00eas Complexos Industriais que produzem ve\u00edculos em S\u00e3o Caetano do Sul, S\u00e3o Jos\u00e9 dos Campos (SP) e Gravata\u00ed (RS). Conta ainda com unidades em Mogi das Cruzes (produ\u00e7\u00e3o de componentes estampados), Sorocaba (Centro Distribuidor de Pe\u00e7as) e Indaiatuba (Campo de Provas), todas em SP, al\u00e9m de um moderno Centro Tecnol\u00f3gico de Engenharia e Design, em S\u00e3o Caetano do Sul, com capacidade para desenvolvimento completo de novos ve\u00edculos. A subsidi\u00e1ria brasileira \u00e9 um dos cinco centros mundiais na cria\u00e7\u00e3o e desenvolvimento de ve\u00edculos, nos campos da engenharia, design e manufatura. Mais informa\u00e7\u00f5es podem ser encontradas nos sites media.gm.com e gmnoticias.com.br.<\/p>\n","protected":false},"excerpt":{"rendered":"<p>A Chevrolet acaba de confirmar a chegada do Malibu ao Brasil, na segunda quinzena do m\u00eas de junho. O modelo, um dos mais premiados dos Estados Unidos, ser\u00e1 comercializado nas 570 concession\u00e1rias da marca e prima pela sofistica\u00e7\u00e3o: tem design refinado, com a grade frontal que exibe o novo DNA global da Chevrolet, e importantes [&hellip;]<\/p>\n","protected":false},"author":3,"featured_media":27667,"comment_status":"open","ping_status":"open","sticky":false,"template":"","format":"standard","meta":{"_genesis_hide_title":false,"_genesis_hide_breadcrumbs":false,"_genesis_hide_singular_image":false,"_genesis_hide_footer_widgets":false,"_genesis_custom_body_class":"","_genesis_custom_post_class":"","_genesis_layout":"","_jetpack_memberships_contains_paid_content":false,"footnotes":""},"categories":[22],"tags":[],"class_list":{"0":"post-27666","1":"post","2":"type-post","3":"status-publish","4":"format-standard","5":"has-post-thumbnail","7":"category-brasil","8":"entry","9":"gs-1","10":"gs-odd","11":"gs-even","12":"gs-featured-content-entry"},"jetpack_featured_media_url":"https:\/\/www.redenoticia.com.br\/noticia\/imagens\/Chevrolet-chegada-do-Malibu-ao-Brasil.jpg","jetpack_sharing_enabled":true,"jetpack_likes_enabled":true,"_links":{"self":[{"href":"https:\/\/www.redenoticia.com.br\/noticia\/wp-json\/wp\/v2\/posts\/27666","targetHints":{"allow":["GET"]}}],"collection":[{"href":"https:\/\/www.redenoticia.com.br\/noticia\/wp-json\/wp\/v2\/posts"}],"about":[{"href":"https:\/\/www.redenoticia.com.br\/noticia\/wp-json\/wp\/v2\/types\/post"}],"author":[{"embeddable":true,"href":"https:\/\/www.redenoticia.com.br\/noticia\/wp-json\/wp\/v2\/users\/3"}],"replies":[{"embeddable":true,"href":"https:\/\/www.redenoticia.com.br\/noticia\/wp-json\/wp\/v2\/comments?post=27666"}],"version-history":[{"count":0,"href":"https:\/\/www.redenoticia.com.br\/noticia\/wp-json\/wp\/v2\/posts\/27666\/revisions"}],"wp:featuredmedia":[{"embeddable":true,"href":"https:\/\/www.redenoticia.com.br\/noticia\/wp-json\/wp\/v2\/media\/27667"}],"wp:attachment":[{"href":"https:\/\/www.redenoticia.com.br\/noticia\/wp-json\/wp\/v2\/media?parent=27666"}],"wp:term":[{"taxonomy":"category","embeddable":true,"href":"https:\/\/www.redenoticia.com.br\/noticia\/wp-json\/wp\/v2\/categories?post=27666"},{"taxonomy":"post_tag","embeddable":true,"href":"https:\/\/www.redenoticia.com.br\/noticia\/wp-json\/wp\/v2\/tags?post=27666"}],"curies":[{"name":"wp","href":"https:\/\/api.w.org\/{rel}","templated":true}]}}