{"id":2690,"date":"2009-06-10T11:47:52","date_gmt":"2009-06-10T15:47:52","guid":{"rendered":"http:\/\/www.redenoticia.com.br\/noticia\/?p=2690"},"modified":"2009-06-10T17:03:02","modified_gmt":"2009-06-10T21:03:02","slug":"detran-em-ji-parana-reduz-tempo-de-espera-no-atendimento","status":"publish","type":"post","link":"https:\/\/www.redenoticia.com.br\/noticia\/2009\/detran-em-ji-parana-reduz-tempo-de-espera-no-atendimento\/2690","title":{"rendered":"DETRAN em Ji-Paran\u00e1 reduz tempo de espera no atendimento"},"content":{"rendered":"<p class=\"MsoNormal\" style=\"line-height: 10.5pt;\"><span style=\"font-size: 9pt; font-family: Verdana;\">Inaugurado \u00e0 cerca de 60 dias, o Posto Avan\u00e7ado do Departamento Estadual de Tr\u00e2nsito (DETRAN-RO), no Segundo Distrito em Ji-Paran\u00e1 tem atendido cerca de 30% dos usu\u00e1rios que procuram pela autarquia no munic\u00edpio. <\/span><\/p>\n<p class=\"MsoNormal\" style=\"line-height: 10.5pt;\"><span style=\"font-size: 10pt; font-family: Verdana;\">Segundo informou o diretor da 3\u00aa CIRETRAN, Ant\u00f4nio Pires, dos 2.462 licenciamentos de ve\u00edculos realizados em Ji-Paran\u00e1, no \u00faltimo m\u00eas, 38% deles, foram feitos no Posto Avan\u00e7ado e dos 1.376 Certificados de Registro de Ve\u00edculo (CRV), que \u00e9 o 1\u00ba emplacamento e transfer\u00eancia, 27% foram realizados no Posto. O local atende sete auto-escolas e quinze despachantes.<\/span><span style=\"font-size: 9pt; font-family: Verdana;\"><\/span><\/p>\n<p class=\"MsoNormal\" style=\"line-height: 10.5pt;\"><span style=\"font-size: 10pt; font-family: Verdana;\">Para o diretor, o Posto Avan\u00e7ado tem facilitado a vida dos propriet\u00e1rios de ve\u00edculos, donos de auto-escola e despachantes que n\u00e3o precisam mais atravessar a ponte sobre o rio Machado, quase sempre com o tr\u00e2nsito lento, por causa das obras de alargamento da ponte. \u201cAl\u00e9m do local de f\u00e1cil acesso, o Posto Avan\u00e7ado tem reduzido o tempo de espera e melhorado a qualidade no atendimento\u201d, destacou Ant\u00f4nio.<\/span><span style=\"font-size: 9pt; font-family: Verdana;\"><\/span><\/p>\n<p class=\"MsoNormal\" style=\"line-height: 10.5pt;\"><span style=\"font-size: 10pt; font-family: Verdana;\">Al\u00e9m de a popula\u00e7\u00e3o usufruir dos mesmos servi\u00e7os prestados pela 3\u00aa CIRETRAN no 1\u00ba Distrito, o Posto Avan\u00e7ado conta com o servi\u00e7o de libera\u00e7\u00e3o de ve\u00edculos, j\u00e1 que o p\u00e1tio \u00e9 amplo e abriga todos os ve\u00edculos apreendidos e o Projeto Anjos do Tr\u00e2nsito, que j\u00e1 formou 90 alunos de tr\u00eas escolas do munic\u00edpio. Esses estudantes recebem aulas sobre curso de forma\u00e7\u00e3o de condutores, como dire\u00e7\u00e3o defensiva, legisla\u00e7\u00e3o, cidadania, meio ambiente, primeiros socorros e mec\u00e2nica b\u00e1sica em tr\u00eas semanas de curso.<\/span><span style=\"font-size: 9pt; font-family: Verdana;\"><\/span><\/p>\n<p class=\"MsoNormal\" style=\"line-height: 10.5pt;\"><span style=\"font-size: 10pt; font-family: Verdana;\">De acordo com o chefe do Posto Avan\u00e7ado, Jozsef Cseke, s\u00e3o atendidos diariamente cerca de 150 pessoas. Esse atendimento tem aumentado e garantido mais celeridade nos processos. <\/span><span style=\"font-size: 9pt; font-family: Verdana;\"><\/span><\/p>\n<p class=\"MsoNormal\" style=\"line-height: 10.5pt;\"><span style=\"font-size: 10pt; font-family: Verdana;\">Um dos beneficiados com o novo pr\u00e9dio, o propriet\u00e1rio de uma auto-escola, Cl\u00e1udio da Silva G\u00f3is, disse que al\u00e9m de economizar tempo, tem economizado combust\u00edvel. \u201c\u00c9 um conforto chegar aqui e ser atendido na hora e, principalmente, n\u00e3o precisar atravessar a ponte\u201d, disse Cl\u00e1udio, que tinha que ir a CIRETRAN pelo menos umas quatro vezes ao dia. Ele ainda parabenizou o diretor-geral do DETRAN, Joarez Jardim, por ter cumprido a promessa de criar o atendimento no 2\u00ba Distrito e pela pista de teste pr\u00e1tico para habilita\u00e7\u00e3o que, em breve, ser\u00e1 constru\u00edda. \u201cEstamos gratos com estas melhorias que Joarez Jardim tem feito na CIRETRAN de Ji-Paran\u00e1\u201d, agradeceu Cl\u00e1udio.<\/span><span style=\"font-size: 9pt; font-family: Verdana;\"><\/span><\/p>\n<p class=\"MsoNormal\" style=\"line-height: 10.5pt;\"><span style=\"font-size: 10pt; font-family: Verdana;\">O Posto Avan\u00e7ado do DETRAN conta com 27 servidores. A unidade recebeu do Governo do Estado de Rond\u00f4nia, recursos de R$ 280 mil que foram investidos em equipamentos, mobili\u00e1rio e uma van para o Projeto Anjos do Tr\u00e2nsito.<\/span><\/p>\n<p class=\"MsoNormal\"><strong><span style=\"font-size: 7.5pt; font-family: Verdana;\">Fonte: <\/span><\/strong><span style=\"font-size: 7.5pt; font-family: Verdana;\">A\/I DETRAN &#8211; Departamento de Tr\u00e2nsito<\/span><span style=\"font-size: 7.5pt; font-family: Verdana;\"><\/span><\/p>\n","protected":false},"excerpt":{"rendered":"<p>Inaugurado \u00e0 cerca de 60 dias, o Posto Avan\u00e7ado do Departamento Estadual de Tr\u00e2nsito (DETRAN-RO), no Segundo Distrito em Ji-Paran\u00e1 tem atendido cerca de 30% dos usu\u00e1rios que procuram pela autarquia no munic\u00edpio. Segundo informou o diretor da 3\u00aa CIRETRAN, Ant\u00f4nio Pires, dos 2.462 licenciamentos de ve\u00edculos realizados em Ji-Paran\u00e1, no \u00faltimo m\u00eas, 38% deles, [&hellip;]<\/p>\n","protected":false},"author":3,"featured_media":0,"comment_status":"open","ping_status":"open","sticky":false,"template":"","format":"standard","meta":{"_genesis_hide_title":false,"_genesis_hide_breadcrumbs":false,"_genesis_hide_singular_image":false,"_genesis_hide_footer_widgets":false,"_genesis_custom_body_class":"","_genesis_custom_post_class":"","_genesis_layout":"","_jetpack_memberships_contains_paid_content":false,"footnotes":""},"categories":[22],"tags":[],"class_list":{"0":"post-2690","1":"post","2":"type-post","3":"status-publish","4":"format-standard","6":"category-brasil","7":"entry","8":"gs-1","9":"gs-odd","10":"gs-even","11":"gs-featured-content-entry"},"jetpack_featured_media_url":"","jetpack_sharing_enabled":true,"jetpack_likes_enabled":true,"_links":{"self":[{"href":"https:\/\/www.redenoticia.com.br\/noticia\/wp-json\/wp\/v2\/posts\/2690","targetHints":{"allow":["GET"]}}],"collection":[{"href":"https:\/\/www.redenoticia.com.br\/noticia\/wp-json\/wp\/v2\/posts"}],"about":[{"href":"https:\/\/www.redenoticia.com.br\/noticia\/wp-json\/wp\/v2\/types\/post"}],"author":[{"embeddable":true,"href":"https:\/\/www.redenoticia.com.br\/noticia\/wp-json\/wp\/v2\/users\/3"}],"replies":[{"embeddable":true,"href":"https:\/\/www.redenoticia.com.br\/noticia\/wp-json\/wp\/v2\/comments?post=2690"}],"version-history":[{"count":0,"href":"https:\/\/www.redenoticia.com.br\/noticia\/wp-json\/wp\/v2\/posts\/2690\/revisions"}],"wp:attachment":[{"href":"https:\/\/www.redenoticia.com.br\/noticia\/wp-json\/wp\/v2\/media?parent=2690"}],"wp:term":[{"taxonomy":"category","embeddable":true,"href":"https:\/\/www.redenoticia.com.br\/noticia\/wp-json\/wp\/v2\/categories?post=2690"},{"taxonomy":"post_tag","embeddable":true,"href":"https:\/\/www.redenoticia.com.br\/noticia\/wp-json\/wp\/v2\/tags?post=2690"}],"curies":[{"name":"wp","href":"https:\/\/api.w.org\/{rel}","templated":true}]}}