{"id":2629,"date":"2009-06-09T15:43:50","date_gmt":"2009-06-09T19:43:50","guid":{"rendered":"http:\/\/www.redenoticia.com.br\/noticia\/?p=2629"},"modified":"2009-06-09T15:43:50","modified_gmt":"2009-06-09T19:43:50","slug":"seduc-abre-jogos-escolares-na-regional-de-pimenta-bueno","status":"publish","type":"post","link":"https:\/\/www.redenoticia.com.br\/noticia\/2009\/seduc-abre-jogos-escolares-na-regional-de-pimenta-bueno\/2629","title":{"rendered":"Seduc abre Jogos Escolares na Regional de Pimenta Bueno"},"content":{"rendered":"<p align=\"justify\">\n<p align=\"justify\"><span style=\"font-family: Arial; font-size: small;\">A exemplo do que ocorreu nas outras  sete regionais, a abertura dos Jogos Escolares na Regional Centro em Pimenta  Bueno foi realizada na noite dessa segunda-feira (8) com muita festa\u00a0no Est\u00e1dio  Municipal Luiz Alves Athaides, contando com a presen\u00e7a de grande p\u00fablico, a  maioria parentes dos alunos atletas, que atenderam \u00e0s orienta\u00e7\u00f5es da secret\u00e1ria  estadual da Educa\u00e7\u00e3o, professora, Marli Cahulla, que tem convocado os pais a  participarem mais do processo educacional dos filhos, considerando\u00a0pesquisas que  indicam melhoria da qualidade do ensino quando h\u00e1 esta intera\u00e7\u00e3o. <\/span><\/p>\n<p align=\"justify\"><span style=\"font-family: Arial; font-size: small;\">Os jogos na\u00a0Regional de Pimenta Bueno,  conforme o representante de Ensino da Seduc, Jo\u00e3o Martins, contam com a  participa\u00e7\u00e3o de cerca de 750 alunos de escolas estaduais, municipais e  particulares de Cacoal, Espig\u00e3o do Oeste, Ministro Andreazza, Parecis, Primavera  de Rond\u00f4nia, S\u00e3o Felipe do Oeste e Pimenta Bueno, que disputam uma vaga em 14  modalidades para a Fase Estadual, que acontecer\u00e1 de 3 a 12 de julho em Porto  Velho (Infantil) e de 14 a 22 de agosto em Ji-Paran\u00e1 (Juvenil). Os classificados  na categoria infantil ir\u00e3o para as Olimp\u00edadas Escolares em Po\u00e7os de Caldas (MG),  de 10 a 20 de setembro, enquanto a categoria juvenil ser\u00e1 realizada de 5 a 15 de  novembro em Maring\u00e1 e Londrina (PR).<\/span><\/p>\n<p align=\"justify\"><span style=\"font-family: Arial; font-size: small;\">Ao dar o ponta p\u00e9 inicial (chutando uma  bola em dire\u00e7\u00e3o aos alunos atletas), a secret\u00e1ria Marli observou que o  governador Ivo Cassol tem incentivado os jogos por ver resultados positivos a  cada ano, quando mais de 150 mil alunos atletas s\u00e3o envolvidos em suas v\u00e1rias  fases, come\u00e7ando pela intercalasse. Ela antes parabenizou a participa\u00e7\u00e3o dos  pais na arquibancada, destacando que isso \u00e9 uma demonstra\u00e7\u00e3o de que est\u00e3o  preocupados com o que o governo, por meio da Seduc, tem feito para continuar  melhorando o processo ensino aprendizagem no Estado.<\/span><\/p>\n<p align=\"justify\"><span style=\"font-family: Arial; font-size: small;\">\u201cDesejo que todos lutem com garra e  determina\u00e7\u00e3o, mas respeitando uns aos outros, pois todos s\u00e3o vencedores\u201d,  afirmou a secret\u00e1ria, recomendando a todos para que aproveitem a oportunidade  que lhes foi dada de intera\u00e7\u00e3o e interc\u00e2mbio cultural.<\/span><\/p>\n<p align=\"justify\"><span style=\"font-family: Arial; font-size: small;\">O incentivo aos jogos como ferramenta  pedag\u00f3gica foi tamb\u00e9m destacado pela secret\u00e1ria Municipal de Educa\u00e7\u00e3o de Pimenta  Bueno, Roseli Dias, na ocasi\u00e3o representando o prefeito Augusto Pla\u00e7a e o  vereador R\u00e9gis, ambos professores, que parabenizaram o governador Cassol e a  organiza\u00e7\u00e3o do evento feita pela Seduc, por meio da Coordenadoria de Esporte e  Cultura (CEC), que tem \u00e0 frente a professora M\u00e1rcia Cassol, que tamb\u00e9m tem  marcado presen\u00e7a com sua equipe em todas as aberturas, al\u00e9m de acompanhar o  desenvolvimento das atividades esportivas e o acolhimento \u00e0s delega\u00e7\u00f5es que al\u00e9m  do transporte t\u00eam garantidas todas as refei\u00e7\u00f5es. <\/span><\/p>\n<p align=\"justify\"><span style=\"font-family: Arial; font-size: small;\">O vereador R\u00e9gis ainda lamentou o fato  de n\u00e3o ter tido oportunidade, quando estudante, de participar dos jogos, por n\u00e3o  haver incentivo dos administradores na \u00e9poca, enquanto a secret\u00e1ria Roseli  afirmou que o Governo do Estado est\u00e1 no rumo certo \u201cpois o esporte \u00e9 o melhor  caminho para o bem, incentivando a paz e a amplia\u00e7\u00e3o do conhecimento dos  alunos\u201d.<\/span><\/p>\n<p align=\"justify\"><span style=\"font-family: Arial; font-size: small;\">Nesta ter\u00e7a-feira (9) Marli Cahulla  realiza visitas \u00e0s escolas de Cacoal e na quarta-feira (10), a partir das 8:00  horas, ela participar\u00e1 do Encontro Regional com gestores escolares,  coordenadores pedag\u00f3gicos e supervisores, encerrando o ciclo de reuni\u00f5es  iniciado em setembro de 2008 em Porto Velho.<\/span><\/p>\n<p align=\"justify\"><span style=\"font-family: Arial; font-size: small;\">Veronilda lima<\/span><\/p>\n","protected":false},"excerpt":{"rendered":"<p>A exemplo do que ocorreu nas outras sete regionais, a abertura dos Jogos Escolares na Regional Centro em Pimenta Bueno foi realizada na noite dessa segunda-feira (8) com muita festa\u00a0no Est\u00e1dio Municipal Luiz Alves Athaides, contando com a presen\u00e7a de grande p\u00fablico, a maioria parentes dos alunos atletas, que atenderam \u00e0s orienta\u00e7\u00f5es da secret\u00e1ria estadual [&hellip;]<\/p>\n","protected":false},"author":3,"featured_media":0,"comment_status":"open","ping_status":"open","sticky":false,"template":"","format":"standard","meta":{"_genesis_hide_title":false,"_genesis_hide_breadcrumbs":false,"_genesis_hide_singular_image":false,"_genesis_hide_footer_widgets":false,"_genesis_custom_body_class":"","_genesis_custom_post_class":"","_genesis_layout":"","_jetpack_memberships_contains_paid_content":false,"footnotes":""},"categories":[22],"tags":[],"class_list":{"0":"post-2629","1":"post","2":"type-post","3":"status-publish","4":"format-standard","6":"category-brasil","7":"entry","8":"gs-1","9":"gs-odd","10":"gs-even","11":"gs-featured-content-entry"},"jetpack_featured_media_url":"","jetpack_sharing_enabled":true,"jetpack_likes_enabled":true,"_links":{"self":[{"href":"https:\/\/www.redenoticia.com.br\/noticia\/wp-json\/wp\/v2\/posts\/2629","targetHints":{"allow":["GET"]}}],"collection":[{"href":"https:\/\/www.redenoticia.com.br\/noticia\/wp-json\/wp\/v2\/posts"}],"about":[{"href":"https:\/\/www.redenoticia.com.br\/noticia\/wp-json\/wp\/v2\/types\/post"}],"author":[{"embeddable":true,"href":"https:\/\/www.redenoticia.com.br\/noticia\/wp-json\/wp\/v2\/users\/3"}],"replies":[{"embeddable":true,"href":"https:\/\/www.redenoticia.com.br\/noticia\/wp-json\/wp\/v2\/comments?post=2629"}],"version-history":[{"count":0,"href":"https:\/\/www.redenoticia.com.br\/noticia\/wp-json\/wp\/v2\/posts\/2629\/revisions"}],"wp:attachment":[{"href":"https:\/\/www.redenoticia.com.br\/noticia\/wp-json\/wp\/v2\/media?parent=2629"}],"wp:term":[{"taxonomy":"category","embeddable":true,"href":"https:\/\/www.redenoticia.com.br\/noticia\/wp-json\/wp\/v2\/categories?post=2629"},{"taxonomy":"post_tag","embeddable":true,"href":"https:\/\/www.redenoticia.com.br\/noticia\/wp-json\/wp\/v2\/tags?post=2629"}],"curies":[{"name":"wp","href":"https:\/\/api.w.org\/{rel}","templated":true}]}}