{"id":257077,"date":"2025-07-28T14:02:31","date_gmt":"2025-07-28T17:02:31","guid":{"rendered":"https:\/\/www.redenoticia.com.br\/noticia\/?p=257077"},"modified":"2025-07-28T14:02:31","modified_gmt":"2025-07-28T17:02:31","slug":"resumo-as-filhas-da-senhora-garcia-29-07-mar-e-juan-decidem-fugir-juntos","status":"publish","type":"post","link":"https:\/\/www.redenoticia.com.br\/noticia\/2025\/resumo-as-filhas-da-senhora-garcia-29-07-mar-e-juan-decidem-fugir-juntos\/257077","title":{"rendered":"Resumo \u201cAs Filhas da Senhora Garcia\u201d 29\/07: Mar e Juan decidem fugir juntos"},"content":{"rendered":"<p><img loading=\"lazy\" decoding=\"async\" class=\"aligncenter size-full wp-image-257029\" src=\"https:\/\/www.redenoticia.com.br\/noticia\/imagens\/logo-resumo-novela-as-filhas-da-senhora-garcia.jpg\" alt=\"\" width=\"1280\" height=\"720\" srcset=\"https:\/\/www.redenoticia.com.br\/noticia\/imagens\/logo-resumo-novela-as-filhas-da-senhora-garcia.jpg 1280w, https:\/\/www.redenoticia.com.br\/noticia\/imagens\/logo-resumo-novela-as-filhas-da-senhora-garcia-250x140.jpg 250w, https:\/\/www.redenoticia.com.br\/noticia\/imagens\/logo-resumo-novela-as-filhas-da-senhora-garcia-400x225.jpg 400w, https:\/\/www.redenoticia.com.br\/noticia\/imagens\/logo-resumo-novela-as-filhas-da-senhora-garcia-768x432.jpg 768w, https:\/\/www.redenoticia.com.br\/noticia\/imagens\/logo-resumo-novela-as-filhas-da-senhora-garcia-150x85.jpg 150w\" sizes=\"auto, (max-width: 1280px) 100vw, 1280px\" \/><\/p>\n<p><strong><em>Resumo da novela \u201cAs Filhas da Senhora Garcia\u201d<\/em><\/strong> em 29\/07: no cap\u00edtulo 017(*) da novela, vendo o sofrimento de cada um em suas respectivas casas, Mar e Juan decidem fugir juntos para come\u00e7ar uma nova vida. Of\u00e9lia ataca Susana, alegando que ela teve algo a ver com o sequestro de Mar.<\/p>\n<p>Of\u00e9lia confessa seu arrependimento por ter agredido a filha, e Val\u00e9ria confirma que Mar decidiu ir embora por vontade pr\u00f3pria. Mar e Juan confessam todo o amor que sentem um pelo outro e dormem juntos pela primeira vez.<\/p>\n<p>(*) edi\u00e7\u00e3o das novelas do SBT, \u201cAs Filhas da Senhora Garcia\u201d, sujeito a altera\u00e7\u00e3o de data e conte\u00fado.<\/p>\n<p>Sinopse \u201cAs Filhas da Senhora Garcia\u201d: Of\u00e9lia Garcia \u00e9 uma mulher que sonha com luxo e riquezas. Ela acredita que o caminho mais curto para isso pode ser a fama, por isso cuida obsessivamente da beleza de sua filha mais nova, Mar. Ela leva a menina a comerciais, testes e castings. Em contraste, Valeria, sua filha mais velha, \u00e9 naturalmente bonita, mas n\u00e3o se preocupa com apar\u00eancia. Arturo Portilla, filho de uma das fam\u00edlias mais influentes do setor t\u00eaxtil, anuncia um grande concurso para escolher a nova imagem de sua linha esportiva. Of\u00e9lia v\u00ea nessa oportunidade a chance de mudar de vida, para ela e suas filhas. Arturo \u00e9 mulherengo e inconsequente. Nicol\u00e1s, o mais racional, \u00e9 o preferido do pai e Camila, a ca\u00e7ula, nunca se interessou pela empresa. Of\u00e9lia come\u00e7a a trabalhar como governanta na casa dos Portilla e leva sua filha Mar junto. Paralelamente, Valeria conhece Arturo na academia onde trabalha. Sua firmeza e autenticidade mexem com ele, que se apaixona. Nicol\u00e1s, por sua vez, tamb\u00e9m se encanta por Valeria, gerando um inesperado tri\u00e2ngulo amoroso. Luis Portilla, patriarca da fam\u00edlia, tocado pela do\u00e7ura de Mar, toma uma decis\u00e3o que muda o destino de todos, sem imaginar as consequ\u00eancias.<\/p>\n","protected":false},"excerpt":{"rendered":"<p>Resumo da novela \u201cAs Filhas da Senhora Garcia\u201d em 29\/07: no cap\u00edtulo 017(*) da novela, vendo o sofrimento de cada um em suas respectivas casas, Mar e Juan decidem fugir juntos para come\u00e7ar uma nova vida. Of\u00e9lia ataca Susana, alegando que ela teve algo a ver com o sequestro de Mar. Of\u00e9lia confessa seu arrependimento [&hellip;]<\/p>\n","protected":false},"author":3,"featured_media":257030,"comment_status":"closed","ping_status":"closed","sticky":false,"template":"","format":"standard","meta":{"_genesis_hide_title":false,"_genesis_hide_breadcrumbs":false,"_genesis_hide_singular_image":false,"_genesis_hide_footer_widgets":false,"_genesis_custom_body_class":"","_genesis_custom_post_class":"","_genesis_layout":"","_jetpack_memberships_contains_paid_content":false,"footnotes":""},"categories":[2348,379,2025,372,343],"tags":[441],"class_list":{"0":"post-257077","1":"post","2":"type-post","3":"status-publish","4":"format-standard","5":"has-post-thumbnail","7":"category-as-filhas-da-senhora-garcia","8":"category-novelas","9":"category-resumo","10":"category-sbt","11":"category-televisao","12":"tag-resumo-do-dia","13":"entry","14":"gs-1","15":"gs-odd","16":"gs-even","17":"gs-featured-content-entry"},"jetpack_featured_media_url":"https:\/\/www.redenoticia.com.br\/noticia\/imagens\/resumo-novela-as-filhas-da-senhora-garcia.jpg","jetpack_sharing_enabled":true,"jetpack_likes_enabled":true,"_links":{"self":[{"href":"https:\/\/www.redenoticia.com.br\/noticia\/wp-json\/wp\/v2\/posts\/257077","targetHints":{"allow":["GET"]}}],"collection":[{"href":"https:\/\/www.redenoticia.com.br\/noticia\/wp-json\/wp\/v2\/posts"}],"about":[{"href":"https:\/\/www.redenoticia.com.br\/noticia\/wp-json\/wp\/v2\/types\/post"}],"author":[{"embeddable":true,"href":"https:\/\/www.redenoticia.com.br\/noticia\/wp-json\/wp\/v2\/users\/3"}],"replies":[{"embeddable":true,"href":"https:\/\/www.redenoticia.com.br\/noticia\/wp-json\/wp\/v2\/comments?post=257077"}],"version-history":[{"count":0,"href":"https:\/\/www.redenoticia.com.br\/noticia\/wp-json\/wp\/v2\/posts\/257077\/revisions"}],"wp:featuredmedia":[{"embeddable":true,"href":"https:\/\/www.redenoticia.com.br\/noticia\/wp-json\/wp\/v2\/media\/257030"}],"wp:attachment":[{"href":"https:\/\/www.redenoticia.com.br\/noticia\/wp-json\/wp\/v2\/media?parent=257077"}],"wp:term":[{"taxonomy":"category","embeddable":true,"href":"https:\/\/www.redenoticia.com.br\/noticia\/wp-json\/wp\/v2\/categories?post=257077"},{"taxonomy":"post_tag","embeddable":true,"href":"https:\/\/www.redenoticia.com.br\/noticia\/wp-json\/wp\/v2\/tags?post=257077"}],"curies":[{"name":"wp","href":"https:\/\/api.w.org\/{rel}","templated":true}]}}