{"id":256457,"date":"2025-07-10T19:43:29","date_gmt":"2025-07-10T22:43:29","guid":{"rendered":"https:\/\/www.redenoticia.com.br\/noticia\/?p=256457"},"modified":"2025-07-10T19:43:29","modified_gmt":"2025-07-10T22:43:29","slug":"resumo-vale-tudo-11-07-maria-de-fatima-e-afonso-viajam-para-paris","status":"publish","type":"post","link":"https:\/\/www.redenoticia.com.br\/noticia\/2025\/resumo-vale-tudo-11-07-maria-de-fatima-e-afonso-viajam-para-paris\/256457","title":{"rendered":"Resumo &#8220;Vale Tudo&#8221; 11\/07: Maria de F\u00e1tima e Afonso viajam para Paris"},"content":{"rendered":"<p><img loading=\"lazy\" decoding=\"async\" src=\"https:\/\/www.redenoticia.com.br\/noticia\/imagens\/vale-tudo-resumo-elenco.jpg\" alt=\"\" width=\"1280\" height=\"720\" class=\"aligncenter size-full wp-image-253278\" srcset=\"https:\/\/www.redenoticia.com.br\/noticia\/imagens\/vale-tudo-resumo-elenco.jpg 1280w, https:\/\/www.redenoticia.com.br\/noticia\/imagens\/vale-tudo-resumo-elenco-250x140.jpg 250w, https:\/\/www.redenoticia.com.br\/noticia\/imagens\/vale-tudo-resumo-elenco-400x225.jpg 400w, https:\/\/www.redenoticia.com.br\/noticia\/imagens\/vale-tudo-resumo-elenco-768x432.jpg 768w, https:\/\/www.redenoticia.com.br\/noticia\/imagens\/vale-tudo-resumo-elenco-150x85.jpg 150w\" sizes=\"auto, (max-width: 1280px) 100vw, 1280px\" \/><\/p>\n<p><strong><em>Resumo da novela &#8220;Vale Tudo&#8221;<\/em><\/strong> em 11\/07: no cap\u00edtulo 089(*) da novela, Maria de F\u00e1tima e Afonso se casam. Raquel e Poliana se desesperam ao perceber que o desumidificador da Paladar est\u00e1 em chamas. Solange confronta Maria de F\u00e1tima, sem perceber que sua conversa est\u00e1 sendo gravada. Afonso manda o seguran\u00e7a retirar Solange da festa. Odete destrata Fernanda. Poliana avisa a Raquel que eles perderam tudo que estava na Paladar. <\/p>\n<p>Maria de F\u00e1tima e Afonso viajam para Paris, e Odete embarca para a Europa com Walter. Na passagem de tempo, Raquel j\u00e1 est\u00e1 desmontando o restaurante para assumir a Paladar. Celina avisa a Odete que Heleninha est\u00e1 de volta ao Brasil. Heleninha conta a Celina que est\u00e1 casada com Ivan.  <\/p>\n<p>(*) edi\u00e7\u00e3o das novelas da Globo, &#8220;Vale Tudo&#8221;, sujeito a altera\u00e7\u00e3o de data e conte\u00fado.<\/p>\n<p>Sinopse &#8220;Vale Tudo&#8221;: F\u00e1tima \u00e9 o oposto da m\u00e3e: \u00e9 inescrupulosa, tem horror \u00e0 pobreza e far\u00e1 de tudo para enriquecer. No Rio, ela se envolve com C\u00e9sar Ribeiro, ex-modelo que teve o mundo das passarelas aos seus p\u00e9s, e que agora \u00e9 garoto de programa. Raquel parte para o Rio \u00e0 procura da filha e conhece o administrador de empresas Ivan: os dois se apaixonam e constroem uma rela\u00e7\u00e3o. Para ganhar a vida, ela come\u00e7a a vender sandu\u00edches na praia. A trama passa ent\u00e3o a mostrar a dualidade: Maria de F\u00e1tima rica com o casamento arranjado e enganando todos ao seu redor, enquanto Raquel, vendendo sandu\u00edches na praia, acaba subindo na vida e, de maneira honesta, vira dona de uma rede de restaurantes industriais e se torna uma mulher rica, mas sem esquecer dos seus princ\u00edpios. <\/p>\n","protected":false},"excerpt":{"rendered":"<p>Resumo da novela &#8220;Vale Tudo&#8221; em 11\/07: no cap\u00edtulo 089(*) da novela, Maria de F\u00e1tima e Afonso se casam. Raquel e Poliana se desesperam ao perceber que o desumidificador da Paladar est\u00e1 em chamas. Solange confronta Maria de F\u00e1tima, sem perceber que sua conversa est\u00e1 sendo gravada. Afonso manda o seguran\u00e7a retirar Solange da festa. [&hellip;]<\/p>\n","protected":false},"author":2,"featured_media":253277,"comment_status":"closed","ping_status":"closed","sticky":false,"template":"","format":"standard","meta":{"_genesis_hide_title":false,"_genesis_hide_breadcrumbs":false,"_genesis_hide_singular_image":false,"_genesis_hide_footer_widgets":false,"_genesis_custom_body_class":"","_genesis_custom_post_class":"","_genesis_layout":"","_jetpack_memberships_contains_paid_content":false,"footnotes":""},"categories":[379,375,2025,343,2339],"tags":[441],"class_list":{"0":"post-256457","1":"post","2":"type-post","3":"status-publish","4":"format-standard","5":"has-post-thumbnail","7":"category-novelas","8":"category-rede-globo","9":"category-resumo","10":"category-televisao","11":"category-vale-tudo","12":"tag-resumo-do-dia","13":"entry","14":"gs-1","15":"gs-odd","16":"gs-even","17":"gs-featured-content-entry"},"jetpack_featured_media_url":"https:\/\/www.redenoticia.com.br\/noticia\/imagens\/novela-vale-tudo-logo-resumo.jpg","jetpack_sharing_enabled":true,"jetpack_likes_enabled":true,"_links":{"self":[{"href":"https:\/\/www.redenoticia.com.br\/noticia\/wp-json\/wp\/v2\/posts\/256457","targetHints":{"allow":["GET"]}}],"collection":[{"href":"https:\/\/www.redenoticia.com.br\/noticia\/wp-json\/wp\/v2\/posts"}],"about":[{"href":"https:\/\/www.redenoticia.com.br\/noticia\/wp-json\/wp\/v2\/types\/post"}],"author":[{"embeddable":true,"href":"https:\/\/www.redenoticia.com.br\/noticia\/wp-json\/wp\/v2\/users\/2"}],"replies":[{"embeddable":true,"href":"https:\/\/www.redenoticia.com.br\/noticia\/wp-json\/wp\/v2\/comments?post=256457"}],"version-history":[{"count":0,"href":"https:\/\/www.redenoticia.com.br\/noticia\/wp-json\/wp\/v2\/posts\/256457\/revisions"}],"wp:featuredmedia":[{"embeddable":true,"href":"https:\/\/www.redenoticia.com.br\/noticia\/wp-json\/wp\/v2\/media\/253277"}],"wp:attachment":[{"href":"https:\/\/www.redenoticia.com.br\/noticia\/wp-json\/wp\/v2\/media?parent=256457"}],"wp:term":[{"taxonomy":"category","embeddable":true,"href":"https:\/\/www.redenoticia.com.br\/noticia\/wp-json\/wp\/v2\/categories?post=256457"},{"taxonomy":"post_tag","embeddable":true,"href":"https:\/\/www.redenoticia.com.br\/noticia\/wp-json\/wp\/v2\/tags?post=256457"}],"curies":[{"name":"wp","href":"https:\/\/api.w.org\/{rel}","templated":true}]}}