{"id":256432,"date":"2025-07-08T13:22:47","date_gmt":"2025-07-08T16:22:47","guid":{"rendered":"https:\/\/www.redenoticia.com.br\/noticia\/?p=256432"},"modified":"2025-07-08T13:22:47","modified_gmt":"2025-07-08T16:22:47","slug":"resumo-dona-de-mim-09-07-ryan-corta-o-cabelo-de-dede","status":"publish","type":"post","link":"https:\/\/www.redenoticia.com.br\/noticia\/2025\/resumo-dona-de-mim-09-07-ryan-corta-o-cabelo-de-dede\/256432","title":{"rendered":"Resumo &#8220;Dona de Mim&#8221; 09\/07: Ryan corta o cabelo de Ded\u00e9"},"content":{"rendered":"<p> <img loading=\"lazy\" decoding=\"async\" src=\"https:\/\/www.redenoticia.com.br\/noticia\/imagens\/novela-dona-de-mim-resumo.jpg\" alt=\"\" width=\"1280\" height=\"720\" class=\"aligncenter size-full wp-image-254133\" srcset=\"https:\/\/www.redenoticia.com.br\/noticia\/imagens\/novela-dona-de-mim-resumo.jpg 1280w, https:\/\/www.redenoticia.com.br\/noticia\/imagens\/novela-dona-de-mim-resumo-250x140.jpg 250w, https:\/\/www.redenoticia.com.br\/noticia\/imagens\/novela-dona-de-mim-resumo-400x225.jpg 400w, https:\/\/www.redenoticia.com.br\/noticia\/imagens\/novela-dona-de-mim-resumo-768x432.jpg 768w, https:\/\/www.redenoticia.com.br\/noticia\/imagens\/novela-dona-de-mim-resumo-150x85.jpg 150w\" sizes=\"auto, (max-width: 1280px) 100vw, 1280px\" \/> <\/p>\n<p><strong><em>Resumo da novela &#8220;Dona de Mim&#8221;<\/em><\/strong> em 09\/07: no cap\u00edtulo 063(*) da novela, Abel confronta Jaques sobre o processo movido por Vanderson. Nina conversa sobre o comportamento de Filipa. L\u00facio rouba Danilo, que pede ajuda a Marlon. Filipa acompanha Rosa \u00e0 consulta com Let\u00edcia. Deco amea\u00e7a Nina. Abel confessa para Rebeca que registrou Sofia sabendo que n\u00e3o era seu pai biol\u00f3gico, e Jaques grava o depoimento do irm\u00e3o. Danilo comenta com Pam que pensa em aceitar a proposta de Jaques. Leo e Samuel seguem Vanderson, e acabam discutindo. Marlon leva Ded\u00e9 para encontrar Ryan. Ded\u00e9 chama Marlon de pai na frente de Ryan.<\/p>\n<p>Marlon refor\u00e7a com Ded\u00e9 que \u00e9 seu tio. Ryan agradece a ajuda de Marlon. Danilo pede para ser contratado novamente por Abel, como motorista de Rosa. Ryan corta o cabelo de Ded\u00e9, e Fabiana se preocupa com a rea\u00e7\u00e3o de Kami. Nina aceita ir \u00e0 praia com Rosa e Danilo, e Filipa se surpreende. Kami repreende Ryan por cortar o cabelo de Ded\u00e9. Ayla apoia Davi junto a Samuel. Adriano decide filmar mais uma ocorr\u00eancia policial, e Marlon n\u00e3o gosta. Nina furta um item na praia, e Danilo a ajuda. Filipa e Nina discutem. Davi sai com Letty e Thelma, e acaba as levando para a mans\u00e3o dos Boaz.  <\/p>\n<p>(*) edi\u00e7\u00e3o das novelas da Globo, &#8220;Dona de Mim&#8221;, sujeito a altera\u00e7\u00e3o de data e conte\u00fado.<\/p>\n<p>Sinopse &#8220;Dona de Mim&#8221;: Esta \u00e9 a hist\u00f3ria de L\u00e9o (Clara Moneke), uma jovem humorada, batalhadora e determinada, que vive passando por perrengues financeiros e que convive com uma dor imensa que tenta a todo custo n\u00e3o revelar. No passado, era estudante de Publicidade, quando ia se casar com Marlon (Humberto Morais), gr\u00e1vida de seis meses de Sophya, sua primeira filha. No entanto, Leona viu seu mundo desabar quando descobre que sofreu um aborto espont\u00e2neo, causando o fim de seu relacionamento com o rapaz. Seis anos depois, a dupla se reencontra, mas agora, L\u00e9o passou a se aventurar em desafios mal-sucedidos para ganhar dinheiro f\u00e1cil, enquanto Marlon segue determinado com o seu sonho de se tornar Policial Militar.<\/p>\n","protected":false},"excerpt":{"rendered":"<p>Resumo da novela &#8220;Dona de Mim&#8221; em 09\/07: no cap\u00edtulo 063(*) da novela, Abel confronta Jaques sobre o processo movido por Vanderson. Nina conversa sobre o comportamento de Filipa. L\u00facio rouba Danilo, que pede ajuda a Marlon. Filipa acompanha Rosa \u00e0 consulta com Let\u00edcia. Deco amea\u00e7a Nina. Abel confessa para Rebeca que registrou Sofia sabendo [&hellip;]<\/p>\n","protected":false},"author":3,"featured_media":254132,"comment_status":"closed","ping_status":"closed","sticky":false,"template":"","format":"standard","meta":{"_genesis_hide_title":false,"_genesis_hide_breadcrumbs":false,"_genesis_hide_singular_image":false,"_genesis_hide_footer_widgets":false,"_genesis_custom_body_class":"","_genesis_custom_post_class":"","_genesis_layout":"","_jetpack_memberships_contains_paid_content":false,"footnotes":""},"categories":[2341,379,375,2025,343],"tags":[441],"class_list":{"0":"post-256432","1":"post","2":"type-post","3":"status-publish","4":"format-standard","5":"has-post-thumbnail","7":"category-dona-de-mim","8":"category-novelas","9":"category-rede-globo","10":"category-resumo","11":"category-televisao","12":"tag-resumo-do-dia","13":"entry","14":"gs-1","15":"gs-odd","16":"gs-even","17":"gs-featured-content-entry"},"jetpack_featured_media_url":"https:\/\/www.redenoticia.com.br\/noticia\/imagens\/novela-dona-de-mim-resumo-elenco-personagens.jpg","jetpack_sharing_enabled":true,"jetpack_likes_enabled":true,"_links":{"self":[{"href":"https:\/\/www.redenoticia.com.br\/noticia\/wp-json\/wp\/v2\/posts\/256432","targetHints":{"allow":["GET"]}}],"collection":[{"href":"https:\/\/www.redenoticia.com.br\/noticia\/wp-json\/wp\/v2\/posts"}],"about":[{"href":"https:\/\/www.redenoticia.com.br\/noticia\/wp-json\/wp\/v2\/types\/post"}],"author":[{"embeddable":true,"href":"https:\/\/www.redenoticia.com.br\/noticia\/wp-json\/wp\/v2\/users\/3"}],"replies":[{"embeddable":true,"href":"https:\/\/www.redenoticia.com.br\/noticia\/wp-json\/wp\/v2\/comments?post=256432"}],"version-history":[{"count":0,"href":"https:\/\/www.redenoticia.com.br\/noticia\/wp-json\/wp\/v2\/posts\/256432\/revisions"}],"wp:featuredmedia":[{"embeddable":true,"href":"https:\/\/www.redenoticia.com.br\/noticia\/wp-json\/wp\/v2\/media\/254132"}],"wp:attachment":[{"href":"https:\/\/www.redenoticia.com.br\/noticia\/wp-json\/wp\/v2\/media?parent=256432"}],"wp:term":[{"taxonomy":"category","embeddable":true,"href":"https:\/\/www.redenoticia.com.br\/noticia\/wp-json\/wp\/v2\/categories?post=256432"},{"taxonomy":"post_tag","embeddable":true,"href":"https:\/\/www.redenoticia.com.br\/noticia\/wp-json\/wp\/v2\/tags?post=256432"}],"curies":[{"name":"wp","href":"https:\/\/api.w.org\/{rel}","templated":true}]}}